{"id":10118,"date":"2021-08-02T12:05:02","date_gmt":"2021-08-02T10:05:02","guid":{"rendered":"https:\/\/www.popdepresija.com\/?p=10118"},"modified":"2021-08-14T23:28:18","modified_gmt":"2021-08-14T21:28:18","slug":"samalas-predstavlja-euforicni-down-there-session","status":"publish","type":"post","link":"https:\/\/www.popdepresija.com\/?p=10118","title":{"rendered":"Samalas predstavlja eufori\u010dni &#8220;Down There Sessions&#8221;"},"content":{"rendered":"<p><img loading=\"lazy\" decoding=\"async\" class=\"aligncenter wp-image-10120\" src=\"https:\/\/www.popdepresija.com\/wp-content\/uploads\/2021\/08\/Samalas_10_foto-Nemanja-Djordjevic-1024x683.jpg\" alt=\"\" width=\"640\" height=\"427\" srcset=\"https:\/\/www.popdepresija.com\/wp-content\/uploads\/2021\/08\/Samalas_10_foto-Nemanja-Djordjevic-1024x683.jpg 1024w, https:\/\/www.popdepresija.com\/wp-content\/uploads\/2021\/08\/Samalas_10_foto-Nemanja-Djordjevic-300x200.jpg 300w, https:\/\/www.popdepresija.com\/wp-content\/uploads\/2021\/08\/Samalas_10_foto-Nemanja-Djordjevic-768x512.jpg 768w, https:\/\/www.popdepresija.com\/wp-content\/uploads\/2021\/08\/Samalas_10_foto-Nemanja-Djordjevic-1536x1024.jpg 1536w, https:\/\/www.popdepresija.com\/wp-content\/uploads\/2021\/08\/Samalas_10_foto-Nemanja-Djordjevic-660x440.jpg 660w, https:\/\/www.popdepresija.com\/wp-content\/uploads\/2021\/08\/Samalas_10_foto-Nemanja-Djordjevic.jpg 2048w\" sizes=\"auto, (max-width: 640px) 100vw, 640px\" \/><br \/>\nNi\u0161ki psihodeli\u010dni tandem <a href=\"https:\/\/www.facebook.com\/SamalasMusic\" target=\"_blank\" rel=\"noopener noreferrer\">Samalas<\/a> poja\u010dan uglednim gostima i u saradnji sa Down There Studiom predstavlja svoj prvi live session koji mo\u017eete da pogledate na YouTube kanalu DTS, ali i preuzmete na Bandcampu Pop Depresije.<\/p>\n<p><iframe loading=\"lazy\" title=\"SAMALAS @ DOWN THERE SESSIONS\" width=\"640\" height=\"360\" src=\"https:\/\/www.youtube.com\/embed\/sPtXsc7iSug?feature=oembed\" frameborder=\"0\" allow=\"accelerometer; autoplay; clipboard-write; encrypted-media; gyroscope; picture-in-picture; web-share\" referrerpolicy=\"strict-origin-when-cross-origin\" allowfullscreen><\/iframe><\/p>\n<p>Samalas se na &#8220;Down There Sessions&#8221; predstavlja kao mo\u0107an, nadahnut i eufori\u010dan bend, koji maksimalno koristi specifi\u010dnosti i senzibilitet svih svojih \u010dlanova u istra\u017eivanju zvuka i kombinaciji \u017eanrova, uz energetsku eksploziju i redefinisanje kraut-jazza, psihodeli\u010dnog roka i bluza. Odsviran je kompetan debitantski EP na koji je dodato godinu dana pandemijskog \u017eivota, razne li\u010dne drame, akumuliran bes i nepristajanje na \u010dinjenicu da je muzika gurnuta na marginu.<\/p>\n<p><iframe style=\"border: 0; width: 100%; height: 42px;\" src=\"https:\/\/bandcamp.com\/EmbeddedPlayer\/album=3823408261\/size=small\/bgcol=ffffff\/linkcol=0687f5\/transparent=true\/\" seamless=\"\"><a href=\"https:\/\/popdepression.bandcamp.com\/album\/samalas-down-there-sessions\">Samalas &#8211; Down There Sessions by Samalas<\/a><\/iframe><\/p>\n<p>Samalas se \u0161iroj javnosti predstavio debitantskim EP izdanjem &#8220;MCCLVII&#8221; u junu 2020. godine. Svoj prvi i jedini bendovski koncert do sada odr\u017eali su na decembarskom Hali Gali okupljanju u Dragstoru, a aktuelni singl &#8220;Babad Lombok&#8221; objavili su krajem aprila ove godine. Dok nestrpljivo \u010dekamo obe\u0107anu plo\u010du na kojoj \u0107e se na\u0107i sve objavljene pesme do sada i jo\u0161 jedna potpuno nova (i spektakularna!) kompozicija, Samalas predstavlja ovu audio-vizuelnu \u010daroliju u kojoj su pored kreativnog tandema benda &#8211; Vuk Sanovski (gitare, sintovi) i Ci Chea (bubanj, perkusije) &#8211; u\u010destvovali i saksofonista Ivan Simi\u0107, Janko D\u017eamabas na basu, Milo\u0161 Pavlovi\u0107 elektri\u010dna gitara i Uro\u0161 Milki\u0107 na tereminu. Ceo se\u0161ion je snimljen u prostorijama novobeogradskog Down There Studija, audio snimatelj bio je Milki\u0107 koji je uradio miks i master, kamermani uz njega bili su i Jelena Petkovi\u0107, Nemanja \u0110or\u0111evi\u0107 i Nikola Stojanovi\u0107, dok su se post produkcijom bavili Milki\u0107 i Andrej Mladenovi\u0107.<\/p>\n","protected":false},"excerpt":{"rendered":"<p>Ni\u0161ki psihodeli\u010dni tandem Samalas poja\u010dan uglednim gostima i u saradnji sa Down There Studiom predstavlja<\/p>\n","protected":false},"author":1,"featured_media":10119,"comment_status":"open","ping_status":"open","sticky":false,"template":"","format":"standard","meta":{"footnotes":""},"categories":[62],"tags":[],"class_list":["post-10118","post","type-post","status-publish","format-standard","has-post-thumbnail","hentry","category-pd-albumi"],"_links":{"self":[{"href":"https:\/\/www.popdepresija.com\/index.php?rest_route=\/wp\/v2\/posts\/10118","targetHints":{"allow":["GET"]}}],"collection":[{"href":"https:\/\/www.popdepresija.com\/index.php?rest_route=\/wp\/v2\/posts"}],"about":[{"href":"https:\/\/www.popdepresija.com\/index.php?rest_route=\/wp\/v2\/types\/post"}],"author":[{"embeddable":true,"href":"https:\/\/www.popdepresija.com\/index.php?rest_route=\/wp\/v2\/users\/1"}],"replies":[{"embeddable":true,"href":"https:\/\/www.popdepresija.com\/index.php?rest_route=%2Fwp%2Fv2%2Fcomments&post=10118"}],"version-history":[{"count":5,"href":"https:\/\/www.popdepresija.com\/index.php?rest_route=\/wp\/v2\/posts\/10118\/revisions"}],"predecessor-version":[{"id":10162,"href":"https:\/\/www.popdepresija.com\/index.php?rest_route=\/wp\/v2\/posts\/10118\/revisions\/10162"}],"wp:featuredmedia":[{"embeddable":true,"href":"https:\/\/www.popdepresija.com\/index.php?rest_route=\/wp\/v2\/media\/10119"}],"wp:attachment":[{"href":"https:\/\/www.popdepresija.com\/index.php?rest_route=%2Fwp%2Fv2%2Fmedia&parent=10118"}],"wp:term":[{"taxonomy":"category","embeddable":true,"href":"https:\/\/www.popdepresija.com\/index.php?rest_route=%2Fwp%2Fv2%2Fcategories&post=10118"},{"taxonomy":"post_tag","embeddable":true,"href":"https:\/\/www.popdepresija.com\/index.php?rest_route=%2Fwp%2Fv2%2Ftags&post=10118"}],"curies":[{"name":"wp","href":"https:\/\/api.w.org\/{rel}","templated":true}]}}