{"id":10935,"date":"2022-08-16T08:15:54","date_gmt":"2022-08-16T06:15:54","guid":{"rendered":"https:\/\/www.popdepresija.com\/?p=10935"},"modified":"2022-08-18T10:24:41","modified_gmt":"2022-08-18T08:24:41","slug":"huteneni-hibrid-u-gradu-sa-tamadom-rush-to-relax-i-lenhart-tapes-ft-tijana-stankovic","status":"publish","type":"post","link":"https:\/\/www.popdepresija.com\/?p=10935","title":{"rendered":"Huteneni Hibrid u Gradu sa Tamadom, Rush to Relax i Lenhart Tapes ft. Tijana Stankovi\u0107"},"content":{"rendered":"<figure id=\"attachment_10936\" aria-describedby=\"caption-attachment-10936\" style=\"width: 640px\" class=\"wp-caption aligncenter\"><img loading=\"lazy\" decoding=\"async\" class=\"wp-image-10936\" src=\"https:\/\/www.popdepresija.com\/wp-content\/uploads\/2022\/08\/Huteneni-Hibrid-baner-1024x536.jpg\" alt=\"\" width=\"640\" height=\"335\" srcset=\"https:\/\/www.popdepresija.com\/wp-content\/uploads\/2022\/08\/Huteneni-Hibrid-baner-1024x536.jpg 1024w, https:\/\/www.popdepresija.com\/wp-content\/uploads\/2022\/08\/Huteneni-Hibrid-baner-300x157.jpg 300w, https:\/\/www.popdepresija.com\/wp-content\/uploads\/2022\/08\/Huteneni-Hibrid-baner-768x402.jpg 768w, https:\/\/www.popdepresija.com\/wp-content\/uploads\/2022\/08\/Huteneni-Hibrid-baner-1536x804.jpg 1536w, https:\/\/www.popdepresija.com\/wp-content\/uploads\/2022\/08\/Huteneni-Hibrid-baner-2048x1072.jpg 2048w, https:\/\/www.popdepresija.com\/wp-content\/uploads\/2022\/08\/Huteneni-Hibrid-baner-660x346.jpg 660w\" sizes=\"auto, (max-width: 640px) 100vw, 640px\" \/><figcaption id=\"caption-attachment-10936\" class=\"wp-caption-text\">Illustration by: Goce Ilievski Design by: Pavle Trifunovi\u0107<\/figcaption><\/figure>\n<p>U saradnji sa MKC-om iz Skoplja i festivalom &#8220;Zdravo mladi&#8221; i pod okriljem Liveurope programa predstavljamo celove\u010dernji Huteneni Hibrid festival koji \u0107e se odr\u017eati u petak 2. septembra u KC Grad od 20h. Na festivalu u\u010destvuju gruzinski alhemi\u010dar Tamada, makedonsko-slovena\u010dki Rush to Relax i doma\u0107i virtuozi Lenhart Tapes ft. Tijana Stankovi\u0107, uz lokalnu DJ podr\u0161ku<\/p>\n<p>Ulaznice \u0107e biti u pretprodaji od 18. avgusta po ceni od 1000rsd na blagajni KC Grad i u Zaokretu, na dan koncerta cena karte \u0107e biti 1200.<\/p>\n<p><img loading=\"lazy\" decoding=\"async\" class=\"aligncenter wp-image-10937\" src=\"https:\/\/www.popdepresija.com\/wp-content\/uploads\/2022\/08\/Tamada-1024x683.jpg\" alt=\"\" width=\"640\" height=\"427\" srcset=\"https:\/\/www.popdepresija.com\/wp-content\/uploads\/2022\/08\/Tamada-1024x683.jpg 1024w, https:\/\/www.popdepresija.com\/wp-content\/uploads\/2022\/08\/Tamada-300x200.jpg 300w, https:\/\/www.popdepresija.com\/wp-content\/uploads\/2022\/08\/Tamada-768x512.jpg 768w, https:\/\/www.popdepresija.com\/wp-content\/uploads\/2022\/08\/Tamada-1536x1024.jpg 1536w, https:\/\/www.popdepresija.com\/wp-content\/uploads\/2022\/08\/Tamada-2048x1365.jpg 2048w, https:\/\/www.popdepresija.com\/wp-content\/uploads\/2022\/08\/Tamada-660x440.jpg 660w\" sizes=\"auto, (max-width: 640px) 100vw, 640px\" \/><br \/>\nTamada je ro\u0111en kao La\u0161a \u010capel u Abhaziji u Gruziji, odakle je izbegao u Tbilisi. Deset godina svirao je rokenrol, a onda se okrenuo elektronskoj muzici. To se poklopilo sa novom selidbom, ovog puta u Rigu. Tu su se sve kockice slo\u017eile, a zvukovi su se uklopili u celinu. Od tada neumorno se seli i svira po celom svetu. Njegova muzika ima gruzinske tradicionalne korene, me\u0161aju se akusti\u010dni instrumenti i elektronika, a Tamadina poezija je i anga\u017eovana i ljubavna. Svoj stil nazvao je Deep Duqan. Nije zanemarljiva ni vizuelna komponenta &#8211; njegov imid\u017e u mnogome je oma\u017e Velikom Lebovskom, a bitno je znati i da je Tamada onaj koji sedi u \u010delu stola i prvi nazdravlja.<\/p>\n<p><iframe loading=\"lazy\" title=\"Tamada - Tikebi (Official Music Video)\" width=\"640\" height=\"360\" src=\"https:\/\/www.youtube.com\/embed\/XejY_VoRR_E?feature=oembed\" frameborder=\"0\" allow=\"accelerometer; autoplay; clipboard-write; encrypted-media; gyroscope; picture-in-picture; web-share\" referrerpolicy=\"strict-origin-when-cross-origin\" allowfullscreen><\/iframe><\/p>\n<p>Tamadin prvi EP &#8220;Fr\u00fchst\u00fcck mit Tamada&#8221;, iza\u0161ao je tokom leta 2020. godine, a sledili su &#8220;Papa Nakebi&#8221; i &#8220;Dionysus vs Tamada&#8221;. Singlovi &#8220;Tikebi&#8221;, &#8220;Shara&#8221; i &#8220;Modis&#8221; najavljuju nova iznena\u0111enja za sva pokoljenja i to ve\u0107 ovog leta.<\/p>\n<figure id=\"attachment_10938\" aria-describedby=\"caption-attachment-10938\" style=\"width: 640px\" class=\"wp-caption aligncenter\"><img loading=\"lazy\" decoding=\"async\" class=\"wp-image-10938\" src=\"https:\/\/www.popdepresija.com\/wp-content\/uploads\/2022\/08\/Rush-to-Relax-Foto-Neza-Bukovec-1024x819.jpg\" alt=\"\" width=\"640\" height=\"512\" srcset=\"https:\/\/www.popdepresija.com\/wp-content\/uploads\/2022\/08\/Rush-to-Relax-Foto-Neza-Bukovec-1024x819.jpg 1024w, https:\/\/www.popdepresija.com\/wp-content\/uploads\/2022\/08\/Rush-to-Relax-Foto-Neza-Bukovec-300x240.jpg 300w, https:\/\/www.popdepresija.com\/wp-content\/uploads\/2022\/08\/Rush-to-Relax-Foto-Neza-Bukovec-768x614.jpg 768w, https:\/\/www.popdepresija.com\/wp-content\/uploads\/2022\/08\/Rush-to-Relax-Foto-Neza-Bukovec-1536x1229.jpg 1536w, https:\/\/www.popdepresija.com\/wp-content\/uploads\/2022\/08\/Rush-to-Relax-Foto-Neza-Bukovec-660x528.jpg 660w, https:\/\/www.popdepresija.com\/wp-content\/uploads\/2022\/08\/Rush-to-Relax-Foto-Neza-Bukovec.jpg 1800w\" sizes=\"auto, (max-width: 640px) 100vw, 640px\" \/><figcaption id=\"caption-attachment-10938\" class=\"wp-caption-text\">Foto Ne\u017ea Bukovec<\/figcaption><\/figure>\n<p>Rush to Relax je DIY rokenrol projekat Damjana Manevskog, makedonskog muzi\u010dara koji \u017eivi i stvara u Ljubljani (Damjan je \u010dlan grupa Lelee i Molokai).<\/p>\n<p><iframe loading=\"lazy\" title=\"Rush to Relax \u2013 Me nosi\u0161 vo sebe (official video)\" width=\"640\" height=\"360\" src=\"https:\/\/www.youtube.com\/embed\/YmS33_fa8xA?feature=oembed\" frameborder=\"0\" allow=\"accelerometer; autoplay; clipboard-write; encrypted-media; gyroscope; picture-in-picture; web-share\" referrerpolicy=\"strict-origin-when-cross-origin\" allowfullscreen><\/iframe><\/p>\n<p>Na drugom studijskom albumu &#8220;Misli&#8221; (koji izlazi poslednjeg dana avgusta!) Damjan nastavlja svoj prirodni razvoj i kao muzi\u010dar i kao tekstopisac potpuno u duhu dobro poznate makedonske muzi\u010dke tradicije.<\/p>\n<p><img loading=\"lazy\" decoding=\"async\" class=\"aligncenter wp-image-10939\" src=\"https:\/\/www.popdepresija.com\/wp-content\/uploads\/2022\/08\/Lenhart-Tapes-ft.-Tijana-Stankovic-1024x666.jpg\" alt=\"\" width=\"640\" height=\"416\" srcset=\"https:\/\/www.popdepresija.com\/wp-content\/uploads\/2022\/08\/Lenhart-Tapes-ft.-Tijana-Stankovic-1024x666.jpg 1024w, https:\/\/www.popdepresija.com\/wp-content\/uploads\/2022\/08\/Lenhart-Tapes-ft.-Tijana-Stankovic-300x195.jpg 300w, https:\/\/www.popdepresija.com\/wp-content\/uploads\/2022\/08\/Lenhart-Tapes-ft.-Tijana-Stankovic-768x499.jpg 768w, https:\/\/www.popdepresija.com\/wp-content\/uploads\/2022\/08\/Lenhart-Tapes-ft.-Tijana-Stankovic-1536x998.jpg 1536w, https:\/\/www.popdepresija.com\/wp-content\/uploads\/2022\/08\/Lenhart-Tapes-ft.-Tijana-Stankovic-660x429.jpg 660w, https:\/\/www.popdepresija.com\/wp-content\/uploads\/2022\/08\/Lenhart-Tapes-ft.-Tijana-Stankovic.jpg 2026w\" sizes=\"auto, (max-width: 640px) 100vw, 640px\" \/><br \/>\nLenhart Tapes je Vladimir Lenhart. Tokom prethodnih deset godina Lenhart je izgradio prepoznatljiv i unikatan stil sempluju\u0107i naizgled nespojivu muziku na vokmenima \u2013 od fri d\u017eeza i nojza, do tradicionalnih etno zvukova i turbo folka. Ve\u0107 neko vreme Lenhart nastupa sa magi\u010dnom Tijanom Stankovi\u0107 &#8211; glas i violina. Njegov debi album &#8220;Dueti&#8221; (2021) bio je tektonski poreme\u0107aj za celu Evropu, a drugi album upravo se snima.<\/p>\n<p><iframe loading=\"lazy\" title=\"Lenhart Tapes - Nestiskaj mi mil\u00fd ru\u010dku (ft. Svetlana Spaji\u0107) (live)\" width=\"640\" height=\"360\" src=\"https:\/\/www.youtube.com\/embed\/JqA2QKAr6b0?feature=oembed\" frameborder=\"0\" allow=\"accelerometer; autoplay; clipboard-write; encrypted-media; gyroscope; picture-in-picture; web-share\" referrerpolicy=\"strict-origin-when-cross-origin\" allowfullscreen><\/iframe><\/p>\n<p>***<br \/>\nLiveurope is the first pan-European initiative supporting concert venues in their efforts to promote emerging European artists.<\/p>\n<p>Liveurope is co-funded by the Creative Europe programme of the European Union.<\/p>\n","protected":false},"excerpt":{"rendered":"<p>U saradnji sa MKC-om iz Skoplja i festivalom &#8220;Zdravo mladi&#8221; i pod okriljem Liveurope programa<\/p>\n","protected":false},"author":1,"featured_media":10936,"comment_status":"open","ping_status":"open","sticky":false,"template":"","format":"standard","meta":{"footnotes":""},"categories":[18],"tags":[],"class_list":["post-10935","post","type-post","status-publish","format-standard","has-post-thumbnail","hentry","category-koncerti"],"_links":{"self":[{"href":"https:\/\/www.popdepresija.com\/index.php?rest_route=\/wp\/v2\/posts\/10935","targetHints":{"allow":["GET"]}}],"collection":[{"href":"https:\/\/www.popdepresija.com\/index.php?rest_route=\/wp\/v2\/posts"}],"about":[{"href":"https:\/\/www.popdepresija.com\/index.php?rest_route=\/wp\/v2\/types\/post"}],"author":[{"embeddable":true,"href":"https:\/\/www.popdepresija.com\/index.php?rest_route=\/wp\/v2\/users\/1"}],"replies":[{"embeddable":true,"href":"https:\/\/www.popdepresija.com\/index.php?rest_route=%2Fwp%2Fv2%2Fcomments&post=10935"}],"version-history":[{"count":4,"href":"https:\/\/www.popdepresija.com\/index.php?rest_route=\/wp\/v2\/posts\/10935\/revisions"}],"predecessor-version":[{"id":10943,"href":"https:\/\/www.popdepresija.com\/index.php?rest_route=\/wp\/v2\/posts\/10935\/revisions\/10943"}],"wp:featuredmedia":[{"embeddable":true,"href":"https:\/\/www.popdepresija.com\/index.php?rest_route=\/wp\/v2\/media\/10936"}],"wp:attachment":[{"href":"https:\/\/www.popdepresija.com\/index.php?rest_route=%2Fwp%2Fv2%2Fmedia&parent=10935"}],"wp:term":[{"taxonomy":"category","embeddable":true,"href":"https:\/\/www.popdepresija.com\/index.php?rest_route=%2Fwp%2Fv2%2Fcategories&post=10935"},{"taxonomy":"post_tag","embeddable":true,"href":"https:\/\/www.popdepresija.com\/index.php?rest_route=%2Fwp%2Fv2%2Ftags&post=10935"}],"curies":[{"name":"wp","href":"https:\/\/api.w.org\/{rel}","templated":true}]}}