{"id":11222,"date":"2022-12-17T21:00:49","date_gmt":"2022-12-17T20:00:49","guid":{"rendered":"https:\/\/www.popdepresija.com\/?p=11222"},"modified":"2022-12-19T11:44:02","modified_gmt":"2022-12-19T10:44:02","slug":"kralj-cacka-predstavlja-novi-video-singl-zemlja-nije-moj-dom","status":"publish","type":"post","link":"https:\/\/www.popdepresija.com\/?p=11222","title":{"rendered":"Kralj \u010ca\u010dka predstavlja novi video singl &#8220;Zemlja nije moj dom&#8221;"},"content":{"rendered":"<p><img loading=\"lazy\" decoding=\"async\" class=\"aligncenter size-large wp-image-11223\" src=\"https:\/\/www.popdepresija.com\/wp-content\/uploads\/2022\/12\/zemlja-nije-moj-dom-PROMO-2-1024x640.png\" alt=\"\" width=\"640\" height=\"400\" srcset=\"https:\/\/www.popdepresija.com\/wp-content\/uploads\/2022\/12\/zemlja-nije-moj-dom-PROMO-2-1024x640.png 1024w, https:\/\/www.popdepresija.com\/wp-content\/uploads\/2022\/12\/zemlja-nije-moj-dom-PROMO-2-300x187.png 300w, https:\/\/www.popdepresija.com\/wp-content\/uploads\/2022\/12\/zemlja-nije-moj-dom-PROMO-2-768x480.png 768w, https:\/\/www.popdepresija.com\/wp-content\/uploads\/2022\/12\/zemlja-nije-moj-dom-PROMO-2-1536x960.png 1536w, https:\/\/www.popdepresija.com\/wp-content\/uploads\/2022\/12\/zemlja-nije-moj-dom-PROMO-2-2048x1280.png 2048w\" sizes=\"auto, (max-width: 640px) 100vw, 640px\" \/><br \/>\nKralj \u010ca\u010dka predstavlja novi singl i fantazmagori\u010dni video koji ga prati i najavljuje koncert u Domu omladine Beograda. Video za &#8220;Zemlja nije moj dom&#8221; delo je Dragomira Nikoli\u0107a \u010cede, a spot pogledajte na YouTube-u.<\/p>\n<p><iframe loading=\"lazy\" title=\"Kralj \u010ca\u010dka - &quot;Zemlja nije moj dom&quot;\" width=\"640\" height=\"360\" src=\"https:\/\/www.youtube.com\/embed\/tvli1c_2caQ?feature=oembed\" frameborder=\"0\" allow=\"accelerometer; autoplay; clipboard-write; encrypted-media; gyroscope; picture-in-picture; web-share\" referrerpolicy=\"strict-origin-when-cross-origin\" allowfullscreen><\/iframe><\/p>\n<p>Pesma &#8221;Zemlja nije moj dom&#8221; nastala je krajem 2019. godine, tokom zavr\u0161ne faze promocije albuma &#8220;Spusti svetlost na put&#8221;. Naslov pesme uzet je za naziv izlo\u017ebe crte\u017ea Nenada Mari\u0107a u galeriji DOB-a koja se odr\u017eala iste godine, ali i za naslov zbirke pesama koja uskoro izlazi iz \u0161tampe u izdanju Liberlanda. &#8220;Zemlja nije moj dom&#8221; je bluz besku\u0107nika, razo\u010daranih, apatrida, usamljenih&#8230; ali i onih koji i dalje tra\u017ee svoju \u0161ansu i pravu ljubav &#8211; &#8220;jedino ti mi zna\u010di\u0161, zbog tebe sam jo\u0161 uvek tu, na krovu spasa \u0107emo na\u0107i jedno drugo &#8211; ako pro\u0111emo opasnost svu&#8230;&#8221;<\/p>\n<p>Spot za pesmu je animacija koju je uradio Dragomir Nikoli\u0107, monta\u017eer je bio Nikola Luki\u0107, a direktor fotografije Uro\u0161 Stepi\u0107.<\/p>\n<p><iframe loading=\"lazy\" title=\"Kralj \u010ca\u010dka - Zemlja nije moj dom (Mix muzike: Filip Tan\u010di\u0107) | ep289deo10\" width=\"640\" height=\"360\" src=\"https:\/\/www.youtube.com\/embed\/VAacjesaiM8?feature=oembed\" frameborder=\"0\" allow=\"accelerometer; autoplay; clipboard-write; encrypted-media; gyroscope; picture-in-picture; web-share\" referrerpolicy=\"strict-origin-when-cross-origin\" allowfullscreen><\/iframe><\/p>\n<p>Prvi put od jula 2021. godine Kralj \u010ca\u010dka sa bendom nastupa u Beogradu. Mesto de\u0161avanja je Dom omladine Beograda <a href=\"https:\/\/www.facebook.com\/events\/3469088253360703\" target=\"_blank\" rel=\"noopener\">u \u010detvrtak 29. decembar od 20.30h<\/a>. Ulaznice su u prodaji preko tickets.rs mre\u017ee, na blagajni Doma omladine i online po ceni od 1500rsd, na dan koncerta 2000. Uz Kralja \u010ca\u010dka na bini \u0107e biti standardna ritam sekcija Miladin Stojkovi\u0107 (kontrabas, bas) i Filip Tan\u010di\u0107 (bubanj, perkusije), uz doprinos maestra Saleta Sedlara na klaviru i elektri\u010dnoj gitari.<\/p>\n","protected":false},"excerpt":{"rendered":"<p>Kralj \u010ca\u010dka predstavlja novi singl i fantazmagori\u010dni video koji ga prati i najavljuje koncert u<\/p>\n","protected":false},"author":1,"featured_media":11224,"comment_status":"open","ping_status":"open","sticky":false,"template":"","format":"standard","meta":{"footnotes":""},"categories":[12],"tags":[],"class_list":["post-11222","post","type-post","status-publish","format-standard","has-post-thumbnail","hentry","category-vesti"],"_links":{"self":[{"href":"https:\/\/www.popdepresija.com\/index.php?rest_route=\/wp\/v2\/posts\/11222","targetHints":{"allow":["GET"]}}],"collection":[{"href":"https:\/\/www.popdepresija.com\/index.php?rest_route=\/wp\/v2\/posts"}],"about":[{"href":"https:\/\/www.popdepresija.com\/index.php?rest_route=\/wp\/v2\/types\/post"}],"author":[{"embeddable":true,"href":"https:\/\/www.popdepresija.com\/index.php?rest_route=\/wp\/v2\/users\/1"}],"replies":[{"embeddable":true,"href":"https:\/\/www.popdepresija.com\/index.php?rest_route=%2Fwp%2Fv2%2Fcomments&post=11222"}],"version-history":[{"count":1,"href":"https:\/\/www.popdepresija.com\/index.php?rest_route=\/wp\/v2\/posts\/11222\/revisions"}],"predecessor-version":[{"id":11225,"href":"https:\/\/www.popdepresija.com\/index.php?rest_route=\/wp\/v2\/posts\/11222\/revisions\/11225"}],"wp:featuredmedia":[{"embeddable":true,"href":"https:\/\/www.popdepresija.com\/index.php?rest_route=\/wp\/v2\/media\/11224"}],"wp:attachment":[{"href":"https:\/\/www.popdepresija.com\/index.php?rest_route=%2Fwp%2Fv2%2Fmedia&parent=11222"}],"wp:term":[{"taxonomy":"category","embeddable":true,"href":"https:\/\/www.popdepresija.com\/index.php?rest_route=%2Fwp%2Fv2%2Fcategories&post=11222"},{"taxonomy":"post_tag","embeddable":true,"href":"https:\/\/www.popdepresija.com\/index.php?rest_route=%2Fwp%2Fv2%2Ftags&post=11222"}],"curies":[{"name":"wp","href":"https:\/\/api.w.org\/{rel}","templated":true}]}}