{"id":11271,"date":"2022-12-31T11:47:02","date_gmt":"2022-12-31T10:47:02","guid":{"rendered":"https:\/\/www.popdepresija.com\/?p=11271"},"modified":"2022-12-31T13:30:38","modified_gmt":"2022-12-31T12:30:38","slug":"otvorite-prozor-da-prodise-grad","status":"publish","type":"post","link":"https:\/\/www.popdepresija.com\/?p=11271","title":{"rendered":"Otvorite prozore da prodi\u0161e grad!"},"content":{"rendered":"<p>Prelaz stare u novu godinu idealno je vreme za provetravanje. <strong>Ema i D\u017eimi uz pomo\u0107 Julije i Jovice<\/strong> vas zovu da &#8220;otvorite prozore da prodi\u0161e grad&#8221; i da pogledate i poslu\u0161ate njihov zajedni\u010dki singl. Pesma &#8220;<strong>Otvori go prozorecot<\/strong>&#8221; dostupna je na YouTube-u, audio na bandcamp-u, a sredinom januara i na svim digitalnim platformama.<\/p>\n<p><iframe loading=\"lazy\" title=\"Emma &amp; Jimmy, Julija Castellucci, Jovica Ivanovski - Otvori go prozorecot\" width=\"640\" height=\"360\" src=\"https:\/\/www.youtube.com\/embed\/FIaBoL2qU_s?feature=oembed\" frameborder=\"0\" allow=\"accelerometer; autoplay; clipboard-write; encrypted-media; gyroscope; picture-in-picture; web-share\" referrerpolicy=\"strict-origin-when-cross-origin\" allowfullscreen><\/iframe><\/p>\n<p>Sve je po\u010delo od jedne divne i mo\u0107ne pesme koju je <strong>Jovica Ivanovski<\/strong> napisao pre skoro tri decenije. Zabele\u017een je i <a href=\"https:\/\/off.net.mk\/lokalno\/razno\/otvori-go-prozorecot-da-podishi-gradot\" target=\"_blank\" rel=\"noopener\">demo za pesmu<\/a>, a ona je ostala nekako sa strane sve do ove godine. Onda je do\u0161la <a href=\"https:\/\/www.facebook.com\/digitalnaimovina\" target=\"_blank\" rel=\"noopener\">Julija<\/a> koja je \u017eelela da pesma zasija u svom punom sjaju i uz pomo\u0107 Eme i D\u017eimija i Bokija to se i ostvarilo poslednjeg dana 2022. godine. Julija je snimila i izmontirala spot koji je oma\u017e Skoplju, gradu koji ne prestaje da nadahnjuje i zbunjuje i ljudima koji su \u017eiveli, \u017eive i \u017eive\u0107e u prestonici Makedonije.<\/p>\n<p><img loading=\"lazy\" decoding=\"async\" class=\"alignright wp-image-11273 size-medium\" src=\"https:\/\/www.popdepresija.com\/wp-content\/uploads\/2022\/12\/press-photo-208x300.jpeg\" alt=\"\" width=\"208\" height=\"300\" srcset=\"https:\/\/www.popdepresija.com\/wp-content\/uploads\/2022\/12\/press-photo-208x300.jpeg 208w, https:\/\/www.popdepresija.com\/wp-content\/uploads\/2022\/12\/press-photo-711x1024.jpeg 711w, https:\/\/www.popdepresija.com\/wp-content\/uploads\/2022\/12\/press-photo.jpeg 720w\" sizes=\"auto, (max-width: 208px) 100vw, 208px\" \/>&#8220;Ovo je pesma koja spaja vertikalu i horizontalu. Nastaje 1994. godine u Skoplju i ostaje tamo spakovana u fioci. Posle 29 godina izlazi iz fioke, seli se za Beograd i ugledava svetlost dana, tik pred kraj 2022. godine i za\u010detak nove 2023. dimenzije. Ova pesma je artefakt jednog duha i vremena koji \u0107e ostati i trajati,&#8221; ka\u017ee <strong>Julija Castellucci<\/strong>, soni\u010dna skulptura i vlasnica online muzeja <a href=\"https:\/\/www.instagram.com\/digitalimovina\/\" target=\"_blank\" rel=\"noopener\">Digital Imovina<\/a>.<\/p>\n<p>&#8220;Pesma iz pro\u0161log veka, jedva da se se\u0107am kada sam je napisao. Bila je spakovana za zaborav (kao i puno drugih mojih pesama). Ali, sticajem okolnosti, pojavila se ekipa iz Beograda i ukapirala ono \u0161to drugi nisu. Julija, Ema i D\u017eimi, kao \u0161to dolikuje mladim, talentovanim<br \/>\nmuzi\u010darima, obukli su je u novu ode\u0107u, po najnovijoj modi njihovih prefinjenih mozgova.\u00a0Iskreno se nadam da \u0107e pesma delovati na slu\u0161aoce onako kao \u0161to deluje na mene, da \u0107e ih razdrmati, razveseliti, raspevati&#8230; Ja sam od danas na celodnevnoj igranci, ne prestajem da ple\u0161em. Radujem se!&#8221;, opisao je svoj do\u017eivljaj pesme <strong>Jovica Ivanovski<\/strong>.<\/p>\n<p><iframe style=\"border: 0; width: 100%; height: 42px;\" src=\"https:\/\/bandcamp.com\/EmbeddedPlayer\/track=1163652143\/size=small\/bgcol=ffffff\/linkcol=0687f5\/transparent=true\/\" seamless=\"\"><a href=\"https:\/\/emmaandjimmy.bandcamp.com\/track\/emma-jimmy-julija-castellucci-jovica-ivanovski-otvori-go-prozorecot\">Emma &amp; Jimmy, Julija Castellucci, Jovica Ivanovski &#8211; Otvori go prozorecot by Emma &amp; Jimmy<\/a><\/iframe><\/p>\n<p><a href=\"https:\/\/www.instagram.com\/emma__jimmy\/\" target=\"_blank\" rel=\"noopener\"><strong>Emma &amp; Jimmy<\/strong><\/a> su Emilija \u0110or\u0111evi\u0107 (KOIKOI) i Nikola Miju\u0161kovi\u0107 (Turbo Trans Turisti), a njihov muzi\u010dki \u201cprojekat\u201d spontano je nastao tokom leta 2020. godine. Pre &#8220;Otvori go prozorecot&#8221; objavili su singlove &#8220;\u0160ta su leta&#8221; i &#8220;Nazad&#8221;, a za 2023. godine najavljuju debitantski EP. Ko zna, mo\u017eda se dogodi i prvi koncert&#8230;<\/p>\n","protected":false},"excerpt":{"rendered":"<p>Prelaz stare u novu godinu idealno je vreme za provetravanje. Ema i D\u017eimi uz pomo\u0107<\/p>\n","protected":false},"author":1,"featured_media":11287,"comment_status":"open","ping_status":"open","sticky":false,"template":"","format":"standard","meta":{"footnotes":""},"categories":[62],"tags":[],"class_list":["post-11271","post","type-post","status-publish","format-standard","has-post-thumbnail","hentry","category-pd-albumi"],"_links":{"self":[{"href":"https:\/\/www.popdepresija.com\/index.php?rest_route=\/wp\/v2\/posts\/11271","targetHints":{"allow":["GET"]}}],"collection":[{"href":"https:\/\/www.popdepresija.com\/index.php?rest_route=\/wp\/v2\/posts"}],"about":[{"href":"https:\/\/www.popdepresija.com\/index.php?rest_route=\/wp\/v2\/types\/post"}],"author":[{"embeddable":true,"href":"https:\/\/www.popdepresija.com\/index.php?rest_route=\/wp\/v2\/users\/1"}],"replies":[{"embeddable":true,"href":"https:\/\/www.popdepresija.com\/index.php?rest_route=%2Fwp%2Fv2%2Fcomments&post=11271"}],"version-history":[{"count":17,"href":"https:\/\/www.popdepresija.com\/index.php?rest_route=\/wp\/v2\/posts\/11271\/revisions"}],"predecessor-version":[{"id":11291,"href":"https:\/\/www.popdepresija.com\/index.php?rest_route=\/wp\/v2\/posts\/11271\/revisions\/11291"}],"wp:featuredmedia":[{"embeddable":true,"href":"https:\/\/www.popdepresija.com\/index.php?rest_route=\/wp\/v2\/media\/11287"}],"wp:attachment":[{"href":"https:\/\/www.popdepresija.com\/index.php?rest_route=%2Fwp%2Fv2%2Fmedia&parent=11271"}],"wp:term":[{"taxonomy":"category","embeddable":true,"href":"https:\/\/www.popdepresija.com\/index.php?rest_route=%2Fwp%2Fv2%2Fcategories&post=11271"},{"taxonomy":"post_tag","embeddable":true,"href":"https:\/\/www.popdepresija.com\/index.php?rest_route=%2Fwp%2Fv2%2Ftags&post=11271"}],"curies":[{"name":"wp","href":"https:\/\/api.w.org\/{rel}","templated":true}]}}