{"id":11340,"date":"2023-01-23T10:00:30","date_gmt":"2023-01-23T09:00:30","guid":{"rendered":"https:\/\/www.popdepresija.com\/?p=11340"},"modified":"2023-06-12T09:22:21","modified_gmt":"2023-06-12T07:22:21","slug":"urbana-paranoja-bas-i-stega-predstavlja-osecaj","status":"publish","type":"post","link":"https:\/\/www.popdepresija.com\/?p=11340","title":{"rendered":"Urbana paranoja &#8211; Bas i Stega predstavlja &#8220;Ose\u0107aj&#8221;"},"content":{"rendered":"<figure id=\"attachment_11341\" aria-describedby=\"caption-attachment-11341\" style=\"width: 640px\" class=\"wp-caption aligncenter\"><img loading=\"lazy\" decoding=\"async\" class=\"wp-image-11341 size-large\" src=\"https:\/\/www.popdepresija.com\/wp-content\/uploads\/2023\/01\/Foto-2-bas-i-stega-Angelina-Kacunkovic-scaled-e1674808714820-1024x683.jpg\" alt=\"\" width=\"640\" height=\"427\" srcset=\"https:\/\/www.popdepresija.com\/wp-content\/uploads\/2023\/01\/Foto-2-bas-i-stega-Angelina-Kacunkovic-scaled-e1674808714820-1024x683.jpg 1024w, https:\/\/www.popdepresija.com\/wp-content\/uploads\/2023\/01\/Foto-2-bas-i-stega-Angelina-Kacunkovic-scaled-e1674808714820-300x200.jpg 300w, https:\/\/www.popdepresija.com\/wp-content\/uploads\/2023\/01\/Foto-2-bas-i-stega-Angelina-Kacunkovic-scaled-e1674808714820-768x512.jpg 768w, https:\/\/www.popdepresija.com\/wp-content\/uploads\/2023\/01\/Foto-2-bas-i-stega-Angelina-Kacunkovic-scaled-e1674808714820-1536x1025.jpg 1536w, https:\/\/www.popdepresija.com\/wp-content\/uploads\/2023\/01\/Foto-2-bas-i-stega-Angelina-Kacunkovic-scaled-e1674808714820.jpg 2000w\" sizes=\"auto, (max-width: 640px) 100vw, 640px\" \/><figcaption id=\"caption-attachment-11341\" class=\"wp-caption-text\">Foto Angelina Ka\u010dunkovi\u0107<\/figcaption><\/figure>\n<p><a href=\"https:\/\/www.facebook.com\/BasIStega\" target=\"_blank\" rel=\"noopener\">Bas i Stega<\/a> drugu deceniju postojanja obele\u017eava singlom &#8220;Ose\u0107aj&#8221; koji najavljuje izlazak albuma broj 3 &#8211; &#8220;Na istom putu&#8221;. &#8220;Ose\u0107aj&#8221; je dostupan na svim <a href=\"https:\/\/album.link\/fzq0r0xb9wrcv\" target=\"_blank\" rel=\"noopener\">digitalnim platformama<\/a> i bandcampu, a video u re\u017eiji <strong>Aljo\u0161e Daki\u0107a<\/strong> pogledajte na YouTube kanalu grupe.<\/p>\n<p><iframe loading=\"lazy\" title=\"Bas i Stega - Ose\u0107aj (Official Music Video)\" width=\"640\" height=\"480\" src=\"https:\/\/www.youtube.com\/embed\/nYVqRyhscYU?feature=oembed\" frameborder=\"0\" allow=\"accelerometer; autoplay; clipboard-write; encrypted-media; gyroscope; picture-in-picture; web-share\" referrerpolicy=\"strict-origin-when-cross-origin\" allowfullscreen><\/iframe><\/p>\n<p>Pan\u010deva\u010dka grupa <strong>Bas i Stega<\/strong> postoji od 2011. godine, objavila je dva studijska albuma &#8211; &#8220;Nova stvar&#8221; (2015) i &#8220;Negde daleko&#8221; (2019), a &#8220;Na istom putu&#8221; je tri koraka dalje u spajanju gruva sa rokenrolom, psihodelijom, d&amp;b, elektronikom&#8230; Prvi singl &#8220;Ose\u0107aj&#8221; je rasplesani bunt koji hipnoti\u0161e i provocira.<\/p>\n<p>&#8220;Hodao sam kroz grad i bio zaprepa\u0161\u0107en odsustvom komunikacije me\u0111u ljudima. Svi su imali slu\u0161alice i izbezumnjeno gledali u ekrane svojih telefona. Ja sam upao u neki svoj film ne bi li se zabavio i na neki na\u010din pobegao iz te atmosfere, premotavao razna se\u0107anja i doga\u0111aje pri \u010demu sam verovatno izgledao potpuno suludo jer sam opet pro\u017eivljavao sve te iste dobre emocije vezane za se\u0107anja i nisam mogao a ni \u017eeleo da ih sakrijem. U glavi mi je svirao drum and bass ritam a re\u010di za pesmu su navirale same od sebe te sam ih pevao u sebi i re\u0161io da krenem da zapisujem u telefon da mi ne pobegnu,&#8221; pri\u010da o nastajanju pesme <strong>Gale Vlaji\u0107<\/strong>.<\/p>\n<p><img loading=\"lazy\" decoding=\"async\" class=\"aligncenter size-large wp-image-11342\" src=\"https:\/\/www.popdepresija.com\/wp-content\/uploads\/2023\/01\/Bas-i-Stega-Promo-Osecaj-1024x768.jpg\" alt=\"\" width=\"640\" height=\"480\" srcset=\"https:\/\/www.popdepresija.com\/wp-content\/uploads\/2023\/01\/Bas-i-Stega-Promo-Osecaj-1024x768.jpg 1024w, https:\/\/www.popdepresija.com\/wp-content\/uploads\/2023\/01\/Bas-i-Stega-Promo-Osecaj-300x225.jpg 300w, https:\/\/www.popdepresija.com\/wp-content\/uploads\/2023\/01\/Bas-i-Stega-Promo-Osecaj-768x576.jpg 768w, https:\/\/www.popdepresija.com\/wp-content\/uploads\/2023\/01\/Bas-i-Stega-Promo-Osecaj.jpg 1280w\" sizes=\"auto, (max-width: 640px) 100vw, 640px\" \/><br \/>\nZa snimanje spota napravljen je plan da se svi izdvoje na par dana van grada i da se snimi spot koji bi bio jedna pri\u010da, umesto da se ispar\u010dano snima na raznim lokacijama. Sve to u celinu pretvorili su reditelj <strong>Aljo\u0161a Daki\u0107<\/strong> i direktor fotografije <strong>Aleksa Borkovi\u0107<\/strong> sa svojom ekipom.<\/p>\n<p><iframe style=\"border: 0; width: 100%; height: 42px;\" src=\"https:\/\/bandcamp.com\/EmbeddedPlayer\/track=2269989013\/size=small\/bgcol=ffffff\/linkcol=0687f5\/transparent=true\/\" seamless=\"\"><a href=\"https:\/\/basistega.bandcamp.com\/track\/ose-aj\">Ose\u0107aj by Bas i Stega<\/a><\/iframe><\/p>\n<p>&#8220;Glavna inspiracija za spot je zapravo bila sama pesma. Prepu\u0161tanje i slu\u0161anje pesme. Cela zamisao je proiza\u0161la iz toga koliko mi se pesma dopala, koliko me je pokrenula. Gale je direktoru fotografije Aleksi Borkovi\u0107u i meni dao potpuno slobodu, bez me\u0161anja u ceo proces i mislim da je to bilo jako va\u017eno za mene,&#8221; konstatuje <strong>Aljo\u0161a Daki\u0107<\/strong>.<\/p>\n<figure id=\"attachment_11343\" aria-describedby=\"caption-attachment-11343\" style=\"width: 200px\" class=\"wp-caption alignright\"><img loading=\"lazy\" decoding=\"async\" class=\"wp-image-11343\" src=\"https:\/\/www.popdepresija.com\/wp-content\/uploads\/2023\/01\/artwork-Larisa-Ackov-Palic-Na-istom-putu-1024x1024.jpg\" alt=\"\" width=\"200\" height=\"200\" srcset=\"https:\/\/www.popdepresija.com\/wp-content\/uploads\/2023\/01\/artwork-Larisa-Ackov-Palic-Na-istom-putu-1024x1024.jpg 1024w, https:\/\/www.popdepresija.com\/wp-content\/uploads\/2023\/01\/artwork-Larisa-Ackov-Palic-Na-istom-putu-300x300.jpg 300w, https:\/\/www.popdepresija.com\/wp-content\/uploads\/2023\/01\/artwork-Larisa-Ackov-Palic-Na-istom-putu-150x150.jpg 150w, https:\/\/www.popdepresija.com\/wp-content\/uploads\/2023\/01\/artwork-Larisa-Ackov-Palic-Na-istom-putu-768x768.jpg 768w, https:\/\/www.popdepresija.com\/wp-content\/uploads\/2023\/01\/artwork-Larisa-Ackov-Palic-Na-istom-putu-1536x1536.jpg 1536w, https:\/\/www.popdepresija.com\/wp-content\/uploads\/2023\/01\/artwork-Larisa-Ackov-Palic-Na-istom-putu-144x144.jpg 144w, https:\/\/www.popdepresija.com\/wp-content\/uploads\/2023\/01\/artwork-Larisa-Ackov-Palic-Na-istom-putu.jpg 2000w\" sizes=\"auto, (max-width: 200px) 100vw, 200px\" \/><figcaption id=\"caption-attachment-11343\" class=\"wp-caption-text\">Artwork Larisa Ackov Pali\u0107<\/figcaption><\/figure>\n<p>Bas i Stegu danas \u010dine Dragan Gale Vlaji\u0107 (gitara, vokal, elektronika i efekti), Stevan \u0110or\u0111evi\u0107 (bas), Milo\u0161 Spasi\u0107 (sintisajzeri, prate\u0107i vokali) i Uro\u0161 Ki\u0161 (bubnjevi). Producent albuma bio je <strong>Sr\u0111an Popov<\/strong>, koji je uskakao kao gost na ve\u0107ini pesama.<\/p>\n<p>Album &#8220;Na i stom putu&#8221; predstavlja dalju ekspanziju pri\u010de sa &#8220;Negde daleko&#8221;, a bend je nastavio da istra\u017euje i eksperimenti\u0161e. Novitet je da album obiluje vokalnim deonicama koje se sla\u017eu na jo\u0161 dublje slojeve elektronike ispod kojih voze plesni ritmovi i futuristi\u010dke gitare. Album &#8220;Negde daleko&#8221; zvani\u010dno izlazi krajem februara, a prva koncertna promocija odr\u017ea\u0107e se u beogradskoj <a href=\"https:\/\/www.facebook.com\/events\/416492113976037\" target=\"_blank\" rel=\"noopener\">Kvaki 22 ve\u0107 u subotu 28. januara<\/a>.<\/p>\n<p><iframe loading=\"lazy\" src=\"https:\/\/odesli.co\/embed\/?url=https%3A%2F%2Falbum.link%2Ffzq0r0xb9wrcv&amp;theme=light\" width=\"100%\" height=\"52\" frameborder=\"0\" sandbox=\"allow-same-origin allow-scripts allow-presentation allow-popups allow-popups-to-escape-sandbox\" allowfullscreen=\"allowfullscreen\"><\/iframe><\/p>\n","protected":false},"excerpt":{"rendered":"<p>Bas i Stega drugu deceniju postojanja obele\u017eava singlom &#8220;Ose\u0107aj&#8221; koji najavljuje izlazak albuma broj 3<\/p>\n","protected":false},"author":1,"featured_media":0,"comment_status":"open","ping_status":"open","sticky":false,"template":"","format":"standard","meta":{"footnotes":""},"categories":[62],"tags":[],"class_list":["post-11340","post","type-post","status-publish","format-standard","hentry","category-pd-albumi"],"_links":{"self":[{"href":"https:\/\/www.popdepresija.com\/index.php?rest_route=\/wp\/v2\/posts\/11340","targetHints":{"allow":["GET"]}}],"collection":[{"href":"https:\/\/www.popdepresija.com\/index.php?rest_route=\/wp\/v2\/posts"}],"about":[{"href":"https:\/\/www.popdepresija.com\/index.php?rest_route=\/wp\/v2\/types\/post"}],"author":[{"embeddable":true,"href":"https:\/\/www.popdepresija.com\/index.php?rest_route=\/wp\/v2\/users\/1"}],"replies":[{"embeddable":true,"href":"https:\/\/www.popdepresija.com\/index.php?rest_route=%2Fwp%2Fv2%2Fcomments&post=11340"}],"version-history":[{"count":6,"href":"https:\/\/www.popdepresija.com\/index.php?rest_route=\/wp\/v2\/posts\/11340\/revisions"}],"predecessor-version":[{"id":11358,"href":"https:\/\/www.popdepresija.com\/index.php?rest_route=\/wp\/v2\/posts\/11340\/revisions\/11358"}],"wp:attachment":[{"href":"https:\/\/www.popdepresija.com\/index.php?rest_route=%2Fwp%2Fv2%2Fmedia&parent=11340"}],"wp:term":[{"taxonomy":"category","embeddable":true,"href":"https:\/\/www.popdepresija.com\/index.php?rest_route=%2Fwp%2Fv2%2Fcategories&post=11340"},{"taxonomy":"post_tag","embeddable":true,"href":"https:\/\/www.popdepresija.com\/index.php?rest_route=%2Fwp%2Fv2%2Ftags&post=11340"}],"curies":[{"name":"wp","href":"https:\/\/api.w.org\/{rel}","templated":true}]}}