{"id":11415,"date":"2023-02-14T10:00:35","date_gmt":"2023-02-14T09:00:35","guid":{"rendered":"https:\/\/www.popdepresija.com\/?p=11415"},"modified":"2023-02-14T10:04:36","modified_gmt":"2023-02-14T09:04:36","slug":"dva-koncerta-za-jedno-vece-ana-the-changes-i-ljubicice-6-aprila-u-amerikani","status":"publish","type":"post","link":"https:\/\/www.popdepresija.com\/?p=11415","title":{"rendered":"Dva koncerta za jedno ve\u010de: Ana &#038; The Changes i Ljubi\u010dice 6. aprila u Amerikani"},"content":{"rendered":"<p>Dugo nisu svirali u Beogradu, a sada su odlu\u010dili da udru\u017ee snage i odr\u017ee dva koncerta za jedno ve\u010de. Ana &amp; The Changes i Ljubi\u010dice <a href=\"https:\/\/www.facebook.com\/events\/1469794400220840\/\" target=\"_blank\" rel=\"noopener\">odr\u017ea\u0107e koncerte 6. aprila u Domu omladine Beograda<\/a> u sali Amerikana. Dva fantasti\u010dna benda \u0107e premijerno izvesti pesme sa novih albuma &#8211; &#8220;Susret&#8221; i &#8220;Dok \u010dekamo pad&#8221;, ali i pro\u0161etati kroz vi\u0161e od deset godina duge karijere.<\/p>\n<figure id=\"attachment_11416\" aria-describedby=\"caption-attachment-11416\" style=\"width: 640px\" class=\"wp-caption aligncenter\"><img loading=\"lazy\" decoding=\"async\" class=\"size-large wp-image-11416\" src=\"https:\/\/www.popdepresija.com\/wp-content\/uploads\/2023\/02\/Ana-The-Changes-i-Ljubilcice-Foto-2-Danilo-Mijatovic-1024x683.jpg\" alt=\"\" width=\"640\" height=\"427\" srcset=\"https:\/\/www.popdepresija.com\/wp-content\/uploads\/2023\/02\/Ana-The-Changes-i-Ljubilcice-Foto-2-Danilo-Mijatovic-1024x683.jpg 1024w, https:\/\/www.popdepresija.com\/wp-content\/uploads\/2023\/02\/Ana-The-Changes-i-Ljubilcice-Foto-2-Danilo-Mijatovic-300x200.jpg 300w, https:\/\/www.popdepresija.com\/wp-content\/uploads\/2023\/02\/Ana-The-Changes-i-Ljubilcice-Foto-2-Danilo-Mijatovic-768x512.jpg 768w, https:\/\/www.popdepresija.com\/wp-content\/uploads\/2023\/02\/Ana-The-Changes-i-Ljubilcice-Foto-2-Danilo-Mijatovic-1536x1024.jpg 1536w, https:\/\/www.popdepresija.com\/wp-content\/uploads\/2023\/02\/Ana-The-Changes-i-Ljubilcice-Foto-2-Danilo-Mijatovic-2048x1366.jpg 2048w\" sizes=\"auto, (max-width: 640px) 100vw, 640px\" \/><figcaption id=\"caption-attachment-11416\" class=\"wp-caption-text\">Foto: Danilo Mijatovi\u0107<\/figcaption><\/figure>\n<p>Ulaznice su u prodaji na svim prodajnim mestima i preko <a href=\"https:\/\/tickets.rs\/event\/ana_the_changes_i_ljubicice_5514\" target=\"_blank\" rel=\"noopener\">online platforme tickets.rs<\/a>, kao i na blagajni Doma omladine. Promo cena karte za oba koncerta do kraja februara je 1.000 dinara, regularna cena je 1.200, a od 1. aprila ulaznica \u0107e ko\u0161tati 1.500 dinara.<\/p>\n<p>Poslednji koncert Ana &amp; The Changes u Beogradu su odr\u017eali pre dve godine. U me\u0111uvremenu su za pesmu &#8220;Tu&#8221; dobili nagradu Zadu\u017ebine Milan Mladenovi\u0107 za najbolju pesmu 2021. godine, a ove godine o\u010dekuju brojne gejmerske hitove kao rezultat saradnje sa studijom Demagog i Igorom Simi\u0107em. Sa flautistkinjom Milenom Jan\u010duri\u0107 Ana je komponovala muzike za predstavu Olge Dimitrijevi\u0107 &#8220;Drama o kraju sveta&#8221; (Atelje 212), a tokom marta \u0107e izdati EP &#8220;Susret&#8221; na kojem su sve pesme na srpskom jeziku. Pro\u0161ireni sastav Ana &amp; The Changes \u010dine Ana \u0106ur\u010din i klavijaturista Goran Antovi\u0107, Ana Protulipac &#8211; bas i vokal, Aleksa Milijanovi\u0107 &#8211; bubanj i Milena Jan\u010duri\u0107 &#8211; flauta. Kuriozitet je da \u0107e ovim koncertom biti obele\u017eeno deset godina od objavljivanja prvog singla &#8220;Cut Loose&#8221; i prvog koncerta koji je Ana odr\u017eala u KC Grad.<\/p>\n<p><iframe loading=\"lazy\" title=\"Ana \u0106ur\u010din &amp; The Changes - Tu | ep243deo11\" width=\"640\" height=\"360\" src=\"https:\/\/www.youtube.com\/embed\/FotAMTwXhNk?feature=oembed\" frameborder=\"0\" allow=\"accelerometer; autoplay; clipboard-write; encrypted-media; gyroscope; picture-in-picture; web-share\" referrerpolicy=\"strict-origin-when-cross-origin\" allowfullscreen><\/iframe><\/p>\n<p>Pan\u010deva\u010dke Ljubi\u010dice su posle vi\u0161egodi\u0161nje hibernacije, pro\u0161log leta predstavile novi zvuk i odu\u0161evili ceo region singlovima &#8220;Opet&#8221; i &#8220;Mo\u017eda je vreme&#8221;. Posle trogodi\u0161nje koncertne pauze, vratili su se na spektakularan na\u010din i pred doma\u0107om publikom, 20. januara u Kulturnom centru Pan\u010deva, zajedno sa pijanistkinjom Olgom Petrovi\u0107, predstavili su prva dva izdanja izdava\u010dke ku\u0107e Krokodil, albume &#8220;Slow Rag&#8221; i &#8220;Dok \u010dekamo pad&#8221;. Ljubi\u010dice su sada trio, u kome uz famoznu bra\u0107u Stevanovi\u0107, Petra i Vuka, Olga svira klavijature i peva i ta neobja\u0161njiva kombinacija lepote, ljubavi, gruva, zapitanosti i odlu\u010dnosti dobija sasvim novu snagu na bini, bez obzira da li pevaju stare hitove ili potpuno nove pesme. &#8220;Dok \u010dekamo pad&#8221; je album koji \u0107e Ljubi\u010dice izdati tokom marta, a njegovo objavljivanje \u0107e ih staviti na mesto na muzi\u010dkoj sceni na kojem je odavno trebalo da budu. Pored novih pesama koncert \u0107e svakako obele\u017eiti horsko pevanje njihovog hita &#8220;Jedva \u010dekam rat ljudi protiv ma\u0161ina&#8221;!<\/p>\n<p><iframe loading=\"lazy\" title=\"Ljubi\u010dice - Opet | ep267deo10\" width=\"640\" height=\"360\" src=\"https:\/\/www.youtube.com\/embed\/qwmfuPYHAX8?feature=oembed\" frameborder=\"0\" allow=\"accelerometer; autoplay; clipboard-write; encrypted-media; gyroscope; picture-in-picture; web-share\" referrerpolicy=\"strict-origin-when-cross-origin\" allowfullscreen><\/iframe><\/p>\n<p>Svakako, sve ljubitelje dobre muzike 6. aprila u Domu omladine o\u010dekuju dve grupe koje u\u017eivaju u tome \u0161to rade, osam vrhunskih muzi\u010dara na sceni, dva nova albuma, dobro znani hitovi, specijalno dizajnirano svetlo, velika bina i prostrana sala.<\/p>\n","protected":false},"excerpt":{"rendered":"<p>Dugo nisu svirali u Beogradu, a sada su odlu\u010dili da udru\u017ee snage i odr\u017ee dva<\/p>\n","protected":false},"author":1,"featured_media":11416,"comment_status":"open","ping_status":"open","sticky":false,"template":"","format":"standard","meta":{"footnotes":""},"categories":[18],"tags":[],"class_list":["post-11415","post","type-post","status-publish","format-standard","has-post-thumbnail","hentry","category-koncerti"],"_links":{"self":[{"href":"https:\/\/www.popdepresija.com\/index.php?rest_route=\/wp\/v2\/posts\/11415","targetHints":{"allow":["GET"]}}],"collection":[{"href":"https:\/\/www.popdepresija.com\/index.php?rest_route=\/wp\/v2\/posts"}],"about":[{"href":"https:\/\/www.popdepresija.com\/index.php?rest_route=\/wp\/v2\/types\/post"}],"author":[{"embeddable":true,"href":"https:\/\/www.popdepresija.com\/index.php?rest_route=\/wp\/v2\/users\/1"}],"replies":[{"embeddable":true,"href":"https:\/\/www.popdepresija.com\/index.php?rest_route=%2Fwp%2Fv2%2Fcomments&post=11415"}],"version-history":[{"count":3,"href":"https:\/\/www.popdepresija.com\/index.php?rest_route=\/wp\/v2\/posts\/11415\/revisions"}],"predecessor-version":[{"id":11419,"href":"https:\/\/www.popdepresija.com\/index.php?rest_route=\/wp\/v2\/posts\/11415\/revisions\/11419"}],"wp:featuredmedia":[{"embeddable":true,"href":"https:\/\/www.popdepresija.com\/index.php?rest_route=\/wp\/v2\/media\/11416"}],"wp:attachment":[{"href":"https:\/\/www.popdepresija.com\/index.php?rest_route=%2Fwp%2Fv2%2Fmedia&parent=11415"}],"wp:term":[{"taxonomy":"category","embeddable":true,"href":"https:\/\/www.popdepresija.com\/index.php?rest_route=%2Fwp%2Fv2%2Fcategories&post=11415"},{"taxonomy":"post_tag","embeddable":true,"href":"https:\/\/www.popdepresija.com\/index.php?rest_route=%2Fwp%2Fv2%2Ftags&post=11415"}],"curies":[{"name":"wp","href":"https:\/\/api.w.org\/{rel}","templated":true}]}}