{"id":12538,"date":"2023-09-15T10:00:08","date_gmt":"2023-09-15T08:00:08","guid":{"rendered":"https:\/\/www.popdepresija.com\/?p=12538"},"modified":"2023-10-23T07:38:22","modified_gmt":"2023-10-23T05:38:22","slug":"rebel-star-vas-vodi-na-sedmo-nebo-ili-kako-je-lepo-baviti-se-muzikom","status":"publish","type":"post","link":"https:\/\/www.popdepresija.com\/?p=12538","title":{"rendered":"Rebel Star vas vodi na &#8220;Sedmo nebo&#8221; ili kako je lepo baviti se muzikom"},"content":{"rendered":"<figure id=\"attachment_12539\" aria-describedby=\"caption-attachment-12539\" style=\"width: 2500px\" class=\"wp-caption aligncenter\"><img loading=\"lazy\" decoding=\"async\" class=\"wp-image-12539 size-full\" src=\"https:\/\/www.popdepresija.com\/wp-content\/uploads\/2023\/09\/Rebel-Star-2-Foto-Marina-Uzelac.jpg\" alt=\"\" width=\"2500\" height=\"952\" srcset=\"https:\/\/www.popdepresija.com\/wp-content\/uploads\/2023\/09\/Rebel-Star-2-Foto-Marina-Uzelac.jpg 2500w, https:\/\/www.popdepresija.com\/wp-content\/uploads\/2023\/09\/Rebel-Star-2-Foto-Marina-Uzelac-300x114.jpg 300w, https:\/\/www.popdepresija.com\/wp-content\/uploads\/2023\/09\/Rebel-Star-2-Foto-Marina-Uzelac-1024x390.jpg 1024w, https:\/\/www.popdepresija.com\/wp-content\/uploads\/2023\/09\/Rebel-Star-2-Foto-Marina-Uzelac-768x292.jpg 768w, https:\/\/www.popdepresija.com\/wp-content\/uploads\/2023\/09\/Rebel-Star-2-Foto-Marina-Uzelac-1536x585.jpg 1536w, https:\/\/www.popdepresija.com\/wp-content\/uploads\/2023\/09\/Rebel-Star-2-Foto-Marina-Uzelac-2048x780.jpg 2048w\" sizes=\"auto, (max-width: 2500px) 100vw, 2500px\" \/><figcaption id=\"caption-attachment-12539\" class=\"wp-caption-text\">Foto Marina Uzelac<\/figcaption><\/figure>\n<p><strong>Rebel Star<\/strong> predstavlja sedmi studijski album &#8220;<strong>Sedmo nebo<\/strong>&#8221; sa \u010detrnaest novih pesama, koje su u isto vreme ogledi o \u017eivotu, dru\u0161tveni komentar i oaze sre\u0107e i ljubavi. Album je dostupan na svim <a href=\"https:\/\/album.link\/zdcvdv4sxpmbd\" target=\"_blank\" rel=\"noopener\">digitalnim platformama<\/a>, kao i na <a href=\"https:\/\/rebelstar-music.bandcamp.com\/album\/sedmo-nebo\" target=\"_blank\" rel=\"noopener\">Bandcampu<\/a> i YouTube kanalu benda, a tokom jeseni \u0107e biti objavljen i na CD-u i plo\u010di kao zajedni\u010dko izdanje <strong>Rebela, Pop Depresije i Mast produkcije<\/strong>.<\/p>\n<p><iframe loading=\"lazy\" title=\"Rebel Star \u2605 - Pono\u0107 (official video)\" width=\"640\" height=\"360\" src=\"https:\/\/www.youtube.com\/embed\/8phabfvK8jc?feature=oembed\" frameborder=\"0\" allow=\"accelerometer; autoplay; clipboard-write; encrypted-media; gyroscope; picture-in-picture; web-share\" referrerpolicy=\"strict-origin-when-cross-origin\" allowfullscreen><\/iframe><\/p>\n<p>Dve godine od izlaska albuma &#8220;<strong>Po\u010detak i kraj<\/strong>&#8221; koji je snimljen sa kompletnom zagreba\u010dkom postavom koju je <strong>Milan Glava\u0161ki okupio oko sebe, bend se dodatno definisao i zbli\u017eio kroz probe i koncerte i sada su tu Milan (glas i gitara), Zvonka Obajdin (klavijature i vokal), Daniel Rodik (gitara i lap steel), Ernest D\u017eananovi\u0107 (bubanj) i Goran Rito\u0161a na basu<\/strong>. Ta ekipa poja\u010dana producentima <strong>Uro\u0161em Milki\u0107em i \u017deljkom Marku\u0161em i gostima Vladom Marinovi\u0107em <\/strong>(gitara) i <strong>Du\u0161anom Petrovi\u0107em<\/strong> (duva\u010dki instrumenti) snimila je tokom desetak kompleksnih majskih dana u <strong>Down There Studiju<\/strong> na Novom Beogradu kompletan album. Dizajner omota i svih grafi\u010dkih elemenata benda je <strong>Andrej Dolinka<\/strong>.<\/p>\n<p><iframe style=\"border: 0; width: 100%; height: 42px;\" src=\"https:\/\/bandcamp.com\/EmbeddedPlayer\/album=1770284432\/size=small\/bgcol=ffffff\/linkcol=0687f5\/transparent=true\/\" seamless=\"\"><a href=\"https:\/\/rebelstar-music.bandcamp.com\/album\/sedmo-nebo\">Sedmo Nebo by Rebel Star<\/a><\/iframe><\/p>\n<p>&#8220;Sedmo nebo je dokument o sazrevanju. Bavimo se novom realno\u0161\u0107u sveta i dru\u0161tva u kojima \u017eivimo. Otvaramo ozbiljne teme koje s velikom energijom prati opasno razra\u0111en bend. To je fotografija na kojoj izgledamo malo starije, iz jednog ugla sre\u0107no, iz drugog tu\u017eno ali uvek svesno,&#8221; Milan Glava\u0161ki.<\/p>\n<p>&#8220;Album Sedmo nebo je na\u0161a posveta ovom ludom svijetu, kroz sviranje i dru\u017eenje i sa svim lijepim i te\u0161kim momentima,&#8221; Daniel Rodik.<\/p>\n<p><iframe loading=\"lazy\" src=\"https:\/\/odesli.co\/embed\/?url=https%3A%2F%2Falbum.link%2Fzdcvdv4sxpmbd&amp;theme=light\" width=\"100%\" height=\"52\" frameborder=\"0\" sandbox=\"allow-same-origin allow-scripts allow-presentation allow-popups allow-popups-to-escape-sandbox\" allowfullscreen=\"allowfullscreen\"><\/iframe><\/p>\n<p>Pesme na albumu su raznolike i po tempu i po emociji, znala\u010dki odsvirane, majstorski sklopljene i kao i uvek na albumima Rebela, svega tu ima: od luzerskih himni &#8220;Mesec&#8221;, &#8220;Sve od sebe&#8221;, preko dominantne introspektivne metafizike &#8220;Ogledala&#8221;, &#8220;Metar pepela&#8221; (sa Zvonkom na lead vokalu), &#8220;Zemlja od suza&#8221;, &#8220;San na jezeru&#8221;, &#8220;Prole\u0107na jutra&#8221;, &#8220;Smog&#8221;, sa par Wilco pasti\u0161a &#8220;Pono\u0107&#8221;, &#8220;Neko mesto s puno sunca&#8221;, &#8220;Entropija&#8221; do zapitanih i proro\u010dkih &#8220;Prole\u0107no sme\u0107e&#8221; i &#8220;Istina&#8221;. Rebel Star je od prvog dana bio bend i za proslave i za sahrane i za radost i za tugu, a uz njihove pesme je ba\u0161 lako napiti se, ali i doneti bitne \u017eivotne odluke.<\/p>\n<p>&#8220;Album je poput \u0161pila karata &#8211; svaka je pjesma druga\u010dija, ipak \u010dine cjelinu. Igrali smo se dok smo ga pravili ali je svejedno ozbiljan ko presudna partija,&#8221; Zvonka Obajdin.<\/p>\n<p>&#8220;Jedina pomisao nakon rada na ovom albumu, sa ovim ljudima, od po\u010detka do kraja, je: kako je lepo baviti se muzikom,&#8221; Ernest D\u017eananovi\u0107.<\/p>\n<p>&#8220;Zna\u0161 onaj osje\u0107aj odlaska ku\u0107i nakon prvog ljubavnog sastanka, ba\u0161 sam s takvim emocijama ja iza\u0161ao iz studija,&#8221; Goran Rito\u0161a.<\/p>\n<p><iframe loading=\"lazy\" title=\"Rebel Star \u2605 - Pono\u0107 (official video)\" width=\"640\" height=\"360\" src=\"https:\/\/www.youtube.com\/embed\/8phabfvK8jc?feature=oembed\" frameborder=\"0\" allow=\"accelerometer; autoplay; clipboard-write; encrypted-media; gyroscope; picture-in-picture; web-share\" referrerpolicy=\"strict-origin-when-cross-origin\" allowfullscreen><\/iframe><\/p>\n<p>Prvi singl &#8220;Mesec&#8221; Rebel Star je objavio po\u010detkom leta, a za kraj leta zajedno s albumom u svet ide i druga video vinjeta, <strong>ovog puta za &#8220;Pono\u0107&#8221;, u re\u017eiji Dinka \u010cvori\u0107a \u2013 Doringa<\/strong>. Tokom snimanja albuma, producent i snimatelj Uro\u0161 Milki\u0107 je u Down There Studiju snimio vi\u0161e sati video materijala koji \u0107e postati &#8220;Sedmo nebo&#8221; rokumentarac. Prvi promotivni koncerti albuma su zakazani, a Rebele u\u017eivo mo\u017eete da vidite i \u010dujete ovde: 11.10. VIB Zagreb, 27.10. CK13 Novi Sad, 28.10. Elektropionir Beograd, 28.12. Mo\u010dvara Zagreb (promocija plo\u010de).<\/p>\n<p><iframe loading=\"lazy\" title=\"Rebel Star \u2605 - Mesec (official video)\" width=\"640\" height=\"360\" src=\"https:\/\/www.youtube.com\/embed\/tf3Arb_nkjs?feature=oembed\" frameborder=\"0\" allow=\"accelerometer; autoplay; clipboard-write; encrypted-media; gyroscope; picture-in-picture; web-share\" referrerpolicy=\"strict-origin-when-cross-origin\" allowfullscreen><\/iframe><\/p>\n","protected":false},"excerpt":{"rendered":"<p>Rebel Star predstavlja sedmi studijski album &#8220;Sedmo nebo&#8221; sa \u010detrnaest novih pesama, koje su u<\/p>\n","protected":false},"author":1,"featured_media":12540,"comment_status":"open","ping_status":"open","sticky":false,"template":"","format":"standard","meta":{"footnotes":""},"categories":[62],"tags":[91],"class_list":["post-12538","post","type-post","status-publish","format-standard","has-post-thumbnail","hentry","category-pd-albumi","tag-pick"],"_links":{"self":[{"href":"https:\/\/www.popdepresija.com\/index.php?rest_route=\/wp\/v2\/posts\/12538","targetHints":{"allow":["GET"]}}],"collection":[{"href":"https:\/\/www.popdepresija.com\/index.php?rest_route=\/wp\/v2\/posts"}],"about":[{"href":"https:\/\/www.popdepresija.com\/index.php?rest_route=\/wp\/v2\/types\/post"}],"author":[{"embeddable":true,"href":"https:\/\/www.popdepresija.com\/index.php?rest_route=\/wp\/v2\/users\/1"}],"replies":[{"embeddable":true,"href":"https:\/\/www.popdepresija.com\/index.php?rest_route=%2Fwp%2Fv2%2Fcomments&post=12538"}],"version-history":[{"count":4,"href":"https:\/\/www.popdepresija.com\/index.php?rest_route=\/wp\/v2\/posts\/12538\/revisions"}],"predecessor-version":[{"id":12544,"href":"https:\/\/www.popdepresija.com\/index.php?rest_route=\/wp\/v2\/posts\/12538\/revisions\/12544"}],"wp:featuredmedia":[{"embeddable":true,"href":"https:\/\/www.popdepresija.com\/index.php?rest_route=\/wp\/v2\/media\/12540"}],"wp:attachment":[{"href":"https:\/\/www.popdepresija.com\/index.php?rest_route=%2Fwp%2Fv2%2Fmedia&parent=12538"}],"wp:term":[{"taxonomy":"category","embeddable":true,"href":"https:\/\/www.popdepresija.com\/index.php?rest_route=%2Fwp%2Fv2%2Fcategories&post=12538"},{"taxonomy":"post_tag","embeddable":true,"href":"https:\/\/www.popdepresija.com\/index.php?rest_route=%2Fwp%2Fv2%2Ftags&post=12538"}],"curies":[{"name":"wp","href":"https:\/\/api.w.org\/{rel}","templated":true}]}}