{"id":12545,"date":"2023-09-22T10:45:15","date_gmt":"2023-09-22T08:45:15","guid":{"rendered":"https:\/\/www.popdepresija.com\/?p=12545"},"modified":"2023-10-22T10:54:20","modified_gmt":"2023-10-22T08:54:20","slug":"ana-the-changes-imaju-novi-singl-pogledajte-video-za-dosta-i-poslusajte-a-n-d-r-remiks","status":"publish","type":"post","link":"https:\/\/www.popdepresija.com\/?p=12545","title":{"rendered":"Ana &#038; The Changes imaju novi singl &#8211; pogledajte video za &#8220;Dosta&#8221; i poslu\u0161ajte A.N.D.R. remiks"},"content":{"rendered":"<figure id=\"attachment_12547\" aria-describedby=\"caption-attachment-12547\" style=\"width: 2560px\" class=\"wp-caption aligncenter\"><img loading=\"lazy\" decoding=\"async\" class=\"wp-image-12547 size-full\" src=\"https:\/\/www.popdepresija.com\/wp-content\/uploads\/2023\/09\/Ana-The-Changes-Foto-Danilo-Mijatovic-scaled.jpg\" alt=\"\" width=\"2560\" height=\"1707\" srcset=\"https:\/\/www.popdepresija.com\/wp-content\/uploads\/2023\/09\/Ana-The-Changes-Foto-Danilo-Mijatovic-scaled.jpg 2560w, https:\/\/www.popdepresija.com\/wp-content\/uploads\/2023\/09\/Ana-The-Changes-Foto-Danilo-Mijatovic-300x200.jpg 300w, https:\/\/www.popdepresija.com\/wp-content\/uploads\/2023\/09\/Ana-The-Changes-Foto-Danilo-Mijatovic-1024x683.jpg 1024w, https:\/\/www.popdepresija.com\/wp-content\/uploads\/2023\/09\/Ana-The-Changes-Foto-Danilo-Mijatovic-768x512.jpg 768w, https:\/\/www.popdepresija.com\/wp-content\/uploads\/2023\/09\/Ana-The-Changes-Foto-Danilo-Mijatovic-1536x1024.jpg 1536w, https:\/\/www.popdepresija.com\/wp-content\/uploads\/2023\/09\/Ana-The-Changes-Foto-Danilo-Mijatovic-2048x1365.jpg 2048w\" sizes=\"auto, (max-width: 2560px) 100vw, 2560px\" \/><figcaption id=\"caption-attachment-12547\" class=\"wp-caption-text\">Foto Danilo Mijatovi\u0107<\/figcaption><\/figure>\n<p><strong>Ana \u0106ur\u010din<\/strong> i njen bend <strong>Ana &amp; The Changes<\/strong> predstavljaju &#8220;<a href=\"https:\/\/anacurcin.bandcamp.com\/album\/dosta-dosta-a-n-d-r-remix\" target=\"_blank\" rel=\"noopener\">Dosta<\/a>&#8220;, tre\u0107i singl s EP izdanja &#8220;<strong>Susret<\/strong>&#8220;. Premijeru ima video\u00a0spot u re\u017eiji <strong>Mi\u0161e Terzi\u0107a<\/strong>, a istovremeno je objavljen i remiks pesme koji potpisuje beogradski producent i muzi\u010dar <strong>A.N.D.R.<\/strong> (Andrija Gavrilovi\u0107) za koji je remiks videa napravio <strong>Izvanredni Bob<\/strong>.<\/p>\n<p><iframe loading=\"lazy\" title=\"Ana &amp; The Changes - Dosta (official video)\" width=\"640\" height=\"360\" src=\"https:\/\/www.youtube.com\/embed\/TDCU8DD2yB4?feature=oembed\" frameborder=\"0\" allow=\"accelerometer; autoplay; clipboard-write; encrypted-media; gyroscope; picture-in-picture; web-share\" referrerpolicy=\"strict-origin-when-cross-origin\" allowfullscreen><\/iframe><\/p>\n<p>Nakon &#8220;<strong>Tu<\/strong>&#8220;, za koju je Ana dobila nagradu<strong> Zadu\u017ebine Milana Mladenovi\u0107a<\/strong> za 2021. godinu i pesme &#8220;<strong>Zla<\/strong>&#8221; koja je nastala po stihovima <strong>Milene Markovi\u0107<\/strong>, novi singl sa prvog izdanja koje je Ana objavila na srpskom jeziku je <strong><a href=\"https:\/\/album.link\/hzbfnbcqbsz2n\" target=\"_blank\" rel=\"noopener\">soul-pop vinjeta &#8220;Dosta&#8221;<\/a><\/strong>.<\/p>\n<p><iframe style=\"border: 0; width: 100%; height: 42px;\" src=\"https:\/\/bandcamp.com\/EmbeddedPlayer\/album=1905448817\/size=small\/bgcol=ffffff\/linkcol=0687f5\/transparent=true\/\" seamless=\"\"><a href=\"https:\/\/anacurcin.bandcamp.com\/album\/dosta-dosta-a-n-d-r-remix\">Dosta \/ Dosta (A.N.D.R. Remix) by Ana &amp; The Changes<\/a><\/iframe><\/p>\n<p>&#8220;Pesma &#8220;Dosta&#8221; je ba\u0161 ta prilika koju sam \u010dekala da pozovem Mi\u0161u da ponovo radimo spot, a tu je i briljantni <strong>Milo\u0161 Ja\u0107imovi\u0107<\/strong> koji je autor na\u0161eg prvog spota &#8220;<strong>Cut Loose<\/strong>&#8220;, kao i promi\u0161ljena i sjajna <strong>Ana Dubljevi\u0107<\/strong> koja je unela element scenskog pokreta i koreografije kroz fenomenalnu gluma\u010dko-plesa\u010dku ekipu \u2013 <strong>An<\/strong><strong>a<\/strong><strong> Mandi\u0107<\/strong><strong>,<\/strong><strong> Tamara Pjevi\u0107 i Jelena<\/strong><strong> \u0110<\/strong><strong>oki\u0107<\/strong>. Za nas je ovo jedan ozbiljan spot, jer je pesma kao neka emotivna klackalica kojoj je ovaj video dodao jo\u0161 nekoliko slojeva i vizura \u2013 raskida i zajedni\u0161tva, ali i svih emocija tog produ\u017eenog trenutka jo\u0161 jednog poku\u0161aja, osvrtanja, odustajanja i na kraju prihvatanja,&#8221; obja\u0161njava Ana.<\/p>\n<p><img loading=\"lazy\" decoding=\"async\" class=\"aligncenter wp-image-12550 size-full\" src=\"https:\/\/www.popdepresija.com\/wp-content\/uploads\/2023\/09\/dosta_still.png\" alt=\"\" width=\"1500\" height=\"938\" srcset=\"https:\/\/www.popdepresija.com\/wp-content\/uploads\/2023\/09\/dosta_still.png 1500w, https:\/\/www.popdepresija.com\/wp-content\/uploads\/2023\/09\/dosta_still-300x188.png 300w, https:\/\/www.popdepresija.com\/wp-content\/uploads\/2023\/09\/dosta_still-1024x640.png 1024w, https:\/\/www.popdepresija.com\/wp-content\/uploads\/2023\/09\/dosta_still-768x480.png 768w\" sizes=\"auto, (max-width: 1500px) 100vw, 1500px\" \/><\/p>\n<p><strong>Mi\u0161a Terzi\u0107<\/strong> je ve\u0107 radio sa Anom na spotu &#8220;Alone&#8221;, koji je do danas ostao izuzetno mo\u0107an i sna\u017ean video. Sada je motivacija bila potpuno druga\u010dija. &#8220;Ja sam stvarno u\u017eivao! Oduvek sam \u017eeleo da napravim spot koji u sebi ima neku malu ljubavnu pri\u010du, a Anine pesme su idealne za tako ne\u0161to. Ova se bavi raskidom, pu\u0161tanjem i sigurno velikom ljubavlju. Na spotu je radila divna ekipa sa kojom sam se fantasti\u010dno zaigrao. Proces je bio zabavan, razigran i pun ljubavi. Nadam se da \u0107e to publika prepoznati i osetiti,&#8221; ka\u017ee Terzi\u0107.<\/p>\n<p><iframe loading=\"lazy\" src=\"https:\/\/odesli.co\/embed\/?url=https%3A%2F%2Falbum.link%2Fhzbfnbcqbsz2n&amp;theme=light\" width=\"100%\" height=\"52\" frameborder=\"0\" sandbox=\"allow-same-origin allow-scripts allow-presentation allow-popups allow-popups-to-escape-sandbox\" allowfullscreen=\"allowfullscreen\"><\/iframe><\/p>\n<p>Posle remiksa Marca Grabbera za pesmu &#8220;Tu&#8221;, <strong>Andrija Gavrilovi\u0107<\/strong> je personalizovao &#8220;Dosta&#8221; i odveo je na potpuno novo mesto &#8211; i geografski i emotivno.<\/p>\n<p>&#8220;Ova pesma je ujedno bila i iskra da pokrenemo saradnju sa A.N.D.R-om \u010diji rad, kako autorski tako i kroz saradnje, pratim i volim njegovo \u010ditanje i reintepretaciju aran\u017emana koju je napravio, a i tu laganu dance atmosferu. Jo\u0161 vi\u0161e su do\u0161li do izra\u017eaja sjajni vokali Ane Protulipac koje jako volim i u originalnom aran\u017emanu, a \u010ditava harmonska promena je dala neki novi \u017eivot pesmi,&#8221; smatra Ana \u0106ur\u010din.<\/p>\n<figure id=\"attachment_12548\" aria-describedby=\"caption-attachment-12548\" style=\"width: 1500px\" class=\"wp-caption aligncenter\"><img loading=\"lazy\" decoding=\"async\" class=\"wp-image-12548 size-full\" src=\"https:\/\/www.popdepresija.com\/wp-content\/uploads\/2023\/09\/A.N.D.R.-foto-Nemanja-Maras.jpg\" alt=\"\" width=\"1500\" height=\"1112\" srcset=\"https:\/\/www.popdepresija.com\/wp-content\/uploads\/2023\/09\/A.N.D.R.-foto-Nemanja-Maras.jpg 1500w, https:\/\/www.popdepresija.com\/wp-content\/uploads\/2023\/09\/A.N.D.R.-foto-Nemanja-Maras-300x222.jpg 300w, https:\/\/www.popdepresija.com\/wp-content\/uploads\/2023\/09\/A.N.D.R.-foto-Nemanja-Maras-1024x759.jpg 1024w, https:\/\/www.popdepresija.com\/wp-content\/uploads\/2023\/09\/A.N.D.R.-foto-Nemanja-Maras-768x569.jpg 768w\" sizes=\"auto, (max-width: 1500px) 100vw, 1500px\" \/><figcaption id=\"caption-attachment-12548\" class=\"wp-caption-text\">A.N.D.R. foto Nemanja Mara\u0161<\/figcaption><\/figure>\n<p><strong>A.N.D.R.<\/strong> je po\u010detkom septembra objavio svoj drugi studijski album &#8220;<strong>pratim se.<\/strong>&#8221; koji dobija odli\u010dne kritike sa svih strana.<\/p>\n<p>&#8220;Remix za pesmu \u201cDosta\u201d jedan je od radova iz kojih sam dosta nau\u010dio o sebi i bolje upoznao izvo\u0111a\u010da, u ovom slu\u010daju predivnu Anu i njen na\u010din razmi\u0161ljanja. Pre svega u\u017eivanje je raditi sa Aninim glasom i idejama, koje nisu svakida\u0161nje. Originalna pesma je po meni remek delo kom je grehota i\u0161ta dodavati. Vode\u0107i se tim mi\u0161ljenjem bio je veliki izazov napraviti remix u A.N.D.R. fazonu. Poku\u0161ao sam da zaboravim originalni aran\u017eman i da nadjem pravi vajb koji je dovoljno ja, a ne be\u017ei od Ane i njenog zvuka. Emocija koja me je uvukla je neki letnji minimalni dance sa hip-hop swing filom. \u0160to bi Ivan rekao, mislim da je ANDRizacija pesme \u201cDosta\u201d uspela i da komplementira originalnoj izvedbi,&#8221; ka\u017ee <strong>Andrija Gavrilovi\u0107<\/strong>.<\/p>\n<p><iframe loading=\"lazy\" title=\"Ana &amp; The Changes - Dosta (A.N.D.R. Remix)\" width=\"640\" height=\"480\" src=\"https:\/\/www.youtube.com\/embed\/I8_BwyXWYE8?feature=oembed\" frameborder=\"0\" allow=\"accelerometer; autoplay; clipboard-write; encrypted-media; gyroscope; picture-in-picture; web-share\" referrerpolicy=\"strict-origin-when-cross-origin\" allowfullscreen><\/iframe><\/p>\n<p>Remiks videa za remiks pesme delo je post-disciplinarnog umetnika <strong>Izvanrednog Boba<\/strong>, koji je kao i obi\u010dno raspolo\u017een da u\u010destvuje u svim nemogu\u0107im zadacima sa minimalnim rokovima, ali i da usput prona\u0111e za sebe i izazov i inspiraciju.<\/p>\n","protected":false},"excerpt":{"rendered":"<p>Ana \u0106ur\u010din i njen bend Ana &amp; The Changes predstavljaju &#8220;Dosta&#8220;, tre\u0107i singl s EP<\/p>\n","protected":false},"author":1,"featured_media":12546,"comment_status":"open","ping_status":"open","sticky":false,"template":"","format":"standard","meta":{"footnotes":""},"categories":[62],"tags":[91],"class_list":["post-12545","post","type-post","status-publish","format-standard","has-post-thumbnail","hentry","category-pd-albumi","tag-pick"],"_links":{"self":[{"href":"https:\/\/www.popdepresija.com\/index.php?rest_route=\/wp\/v2\/posts\/12545","targetHints":{"allow":["GET"]}}],"collection":[{"href":"https:\/\/www.popdepresija.com\/index.php?rest_route=\/wp\/v2\/posts"}],"about":[{"href":"https:\/\/www.popdepresija.com\/index.php?rest_route=\/wp\/v2\/types\/post"}],"author":[{"embeddable":true,"href":"https:\/\/www.popdepresija.com\/index.php?rest_route=\/wp\/v2\/users\/1"}],"replies":[{"embeddable":true,"href":"https:\/\/www.popdepresija.com\/index.php?rest_route=%2Fwp%2Fv2%2Fcomments&post=12545"}],"version-history":[{"count":6,"href":"https:\/\/www.popdepresija.com\/index.php?rest_route=\/wp\/v2\/posts\/12545\/revisions"}],"predecessor-version":[{"id":12556,"href":"https:\/\/www.popdepresija.com\/index.php?rest_route=\/wp\/v2\/posts\/12545\/revisions\/12556"}],"wp:featuredmedia":[{"embeddable":true,"href":"https:\/\/www.popdepresija.com\/index.php?rest_route=\/wp\/v2\/media\/12546"}],"wp:attachment":[{"href":"https:\/\/www.popdepresija.com\/index.php?rest_route=%2Fwp%2Fv2%2Fmedia&parent=12545"}],"wp:term":[{"taxonomy":"category","embeddable":true,"href":"https:\/\/www.popdepresija.com\/index.php?rest_route=%2Fwp%2Fv2%2Fcategories&post=12545"},{"taxonomy":"post_tag","embeddable":true,"href":"https:\/\/www.popdepresija.com\/index.php?rest_route=%2Fwp%2Fv2%2Ftags&post=12545"}],"curies":[{"name":"wp","href":"https:\/\/api.w.org\/{rel}","templated":true}]}}