{"id":13203,"date":"2024-03-05T08:04:00","date_gmt":"2024-03-05T07:04:00","guid":{"rendered":"https:\/\/www.popdepresija.com\/?p=13203"},"modified":"2024-03-10T08:53:20","modified_gmt":"2024-03-10T07:53:20","slug":"pd-u-glasu-srpske-intervju","status":"publish","type":"post","link":"https:\/\/www.popdepresija.com\/?p=13203","title":{"rendered":"Pd u Glasu Srpske (intervju)"},"content":{"rendered":"<p>Opet sam ne\u0161to smatrao dok sam pedalirao, ovoga puta ve\u0161ti kormilar bio je gospodin Branislav Predojevi\u0107, a \u010damac koji nas je vozio do onog mesta je banjalu\u010dki <strong><a href=\"https:\/\/www.glassrpske.com\/cir\/kultura\/kultura_vijesti\/ivan-loncarevic-za-glas-srpske-svaka-cast-novom-talasu-ali-zivimo-u-21-vijeku\/511937\" target=\"_blank\" rel=\"noopener\">Glas Srpske<\/a><\/strong>.<\/p>\n<p>Standardne teme: Pop Depresija kroz istoriju, HALI GALI danas i onda, uz (moj) bumerski pogled na svet, razlike klinci\/matorci i tako to. \u010cinjenica je da manje-vi\u0161e stalno isto pri\u010dam, kao jedna &#8220;Sre\u0107ni ljudi&#8221; epizoda u kojoj je hajlajt kada matorac vi\u010de na oblak.<\/p>\n<p><a href=\"https:\/\/www.popdepresija.com\/wp-content\/uploads\/2024\/03\/loncarevic-scaled.jpg\"><img loading=\"lazy\" decoding=\"async\" class=\"aligncenter wp-image-13204 size-full\" src=\"https:\/\/www.popdepresija.com\/wp-content\/uploads\/2024\/03\/loncarevic-scaled-e1710057191514.jpg\" alt=\"\" width=\"2393\" height=\"2521\" srcset=\"https:\/\/www.popdepresija.com\/wp-content\/uploads\/2024\/03\/loncarevic-scaled-e1710057191514.jpg 2393w, https:\/\/www.popdepresija.com\/wp-content\/uploads\/2024\/03\/loncarevic-scaled-e1710057191514-285x300.jpg 285w, https:\/\/www.popdepresija.com\/wp-content\/uploads\/2024\/03\/loncarevic-scaled-e1710057191514-972x1024.jpg 972w, https:\/\/www.popdepresija.com\/wp-content\/uploads\/2024\/03\/loncarevic-scaled-e1710057191514-768x809.jpg 768w, https:\/\/www.popdepresija.com\/wp-content\/uploads\/2024\/03\/loncarevic-scaled-e1710057191514-1458x1536.jpg 1458w, https:\/\/www.popdepresija.com\/wp-content\/uploads\/2024\/03\/loncarevic-scaled-e1710057191514-1944x2048.jpg 1944w, https:\/\/www.popdepresija.com\/wp-content\/uploads\/2024\/03\/loncarevic-scaled-e1710057191514-1024x1079.jpg 1024w\" sizes=\"auto, (max-width: 2393px) 100vw, 2393px\" \/><\/a><\/p>\n<p>&nbsp;<\/p>\n","protected":false},"excerpt":{"rendered":"<p>Opet sam ne\u0161to smatrao dok sam pedalirao, ovoga puta ve\u0161ti kormilar bio je gospodin Branislav<\/p>\n","protected":false},"author":1,"featured_media":13204,"comment_status":"open","ping_status":"open","sticky":false,"template":"","format":"standard","meta":{"footnotes":""},"categories":[74],"tags":[],"class_list":["post-13203","post","type-post","status-publish","format-standard","has-post-thumbnail","hentry","category-zumovanje"],"_links":{"self":[{"href":"https:\/\/www.popdepresija.com\/index.php?rest_route=\/wp\/v2\/posts\/13203","targetHints":{"allow":["GET"]}}],"collection":[{"href":"https:\/\/www.popdepresija.com\/index.php?rest_route=\/wp\/v2\/posts"}],"about":[{"href":"https:\/\/www.popdepresija.com\/index.php?rest_route=\/wp\/v2\/types\/post"}],"author":[{"embeddable":true,"href":"https:\/\/www.popdepresija.com\/index.php?rest_route=\/wp\/v2\/users\/1"}],"replies":[{"embeddable":true,"href":"https:\/\/www.popdepresija.com\/index.php?rest_route=%2Fwp%2Fv2%2Fcomments&post=13203"}],"version-history":[{"count":2,"href":"https:\/\/www.popdepresija.com\/index.php?rest_route=\/wp\/v2\/posts\/13203\/revisions"}],"predecessor-version":[{"id":13212,"href":"https:\/\/www.popdepresija.com\/index.php?rest_route=\/wp\/v2\/posts\/13203\/revisions\/13212"}],"wp:featuredmedia":[{"embeddable":true,"href":"https:\/\/www.popdepresija.com\/index.php?rest_route=\/wp\/v2\/media\/13204"}],"wp:attachment":[{"href":"https:\/\/www.popdepresija.com\/index.php?rest_route=%2Fwp%2Fv2%2Fmedia&parent=13203"}],"wp:term":[{"taxonomy":"category","embeddable":true,"href":"https:\/\/www.popdepresija.com\/index.php?rest_route=%2Fwp%2Fv2%2Fcategories&post=13203"},{"taxonomy":"post_tag","embeddable":true,"href":"https:\/\/www.popdepresija.com\/index.php?rest_route=%2Fwp%2Fv2%2Ftags&post=13203"}],"curies":[{"name":"wp","href":"https:\/\/api.w.org\/{rel}","templated":true}]}}