{"id":13206,"date":"2024-03-06T13:08:53","date_gmt":"2024-03-06T12:08:53","guid":{"rendered":"https:\/\/www.popdepresija.com\/?p=13206"},"modified":"2024-03-10T08:26:32","modified_gmt":"2024-03-10T07:26:32","slug":"pd-i-ubili-su-batlera-u-kulturnom-centru","status":"publish","type":"post","link":"https:\/\/www.popdepresija.com\/?p=13206","title":{"rendered":"Pd (i Ubili su Batlera) u Kulturnom centru na RTS2"},"content":{"rendered":"<p><img loading=\"lazy\" decoding=\"async\" class=\"aligncenter size-large wp-image-13208\" src=\"https:\/\/www.popdepresija.com\/wp-content\/uploads\/2024\/03\/Screenshot-2024-03-10-at-08.13.06-1024x586.png\" alt=\"\" width=\"640\" height=\"366\" srcset=\"https:\/\/www.popdepresija.com\/wp-content\/uploads\/2024\/03\/Screenshot-2024-03-10-at-08.13.06-1024x586.png 1024w, https:\/\/www.popdepresija.com\/wp-content\/uploads\/2024\/03\/Screenshot-2024-03-10-at-08.13.06-300x172.png 300w, https:\/\/www.popdepresija.com\/wp-content\/uploads\/2024\/03\/Screenshot-2024-03-10-at-08.13.06-768x439.png 768w, https:\/\/www.popdepresija.com\/wp-content\/uploads\/2024\/03\/Screenshot-2024-03-10-at-08.13.06.png 1280w\" sizes=\"auto, (max-width: 640px) 100vw, 640px\" \/><br \/>\nU sredu 6. marta u okviru nedeljnog Kulturnog centra urednice Ane Tasi\u0107, harizmati\u010dni Matija Ili\u0107 Ma\u0107i (#ubilisubatlera) i ja pri\u010dali smo sa Zoricom Koji\u0107 o HG2. Najava je <a href=\"https:\/\/www.rts.rs\/lat\/tv\/rts2\/5377464\/duh-je-nasa-domovina.html\" target=\"_blank\" rel=\"noopener\">ovde<\/a>.<\/p>\n<p><iframe loading=\"lazy\" title=\"Kulturni centar (TV RTS 6.3.2024.)\" width=\"640\" height=\"360\" src=\"https:\/\/www.youtube.com\/embed\/_TJ20c-1RNU?start=1778&#038;feature=oembed\" frameborder=\"0\" allow=\"accelerometer; autoplay; clipboard-write; encrypted-media; gyroscope; picture-in-picture; web-share\" referrerpolicy=\"strict-origin-when-cross-origin\" allowfullscreen><\/iframe><\/p>\n<p>&#8220;U emisji je bilo re\u010di o Danilu Ki\u0161u, povodom premijere filma &#8220;Jorgovani\u201c na FEST-u, gost Kulturnog centra je reditelj Sini\u0161a Cveti\u0107. Pri\u010dalo se i o novom filmu Akija Kaurismakija &#8220;Opalo li\u0161\u0107e\u201c, o predstavama &#8220;Kamen za pod glavu\u201c i &#8220;Slike \u017ealosnih do\u017eivljaja\u201c u KPGT-u, o nedavno objavljenom, drugom nastavku kompilacije Hali Gali, koja je dala novi vredan presek doma\u0107e alternativne muzi\u010dke scene. Teme rubrika su i nova &#8220;biblija panka\u201c, knjiga &#8220;Please Kill Me\u201c autora Legs Meknil i D\u017eilijan Mekejn, Muzej paranormalnog u Beogradu, Bah\u010disarajska fontana u Kraljevskom dvoru na Dedinju, i filmski opus Jovana \u017divanovi\u0107a, povodom stogodi\u0161njice od njegovog ro\u0111enja.&#8221;<\/p>\n","protected":false},"excerpt":{"rendered":"<p>U sredu 6. marta u okviru nedeljnog Kulturnog centra urednice Ane Tasi\u0107, harizmati\u010dni Matija Ili\u0107<\/p>\n","protected":false},"author":1,"featured_media":13208,"comment_status":"open","ping_status":"open","sticky":false,"template":"","format":"standard","meta":{"footnotes":""},"categories":[74],"tags":[],"class_list":["post-13206","post","type-post","status-publish","format-standard","has-post-thumbnail","hentry","category-zumovanje"],"_links":{"self":[{"href":"https:\/\/www.popdepresija.com\/index.php?rest_route=\/wp\/v2\/posts\/13206","targetHints":{"allow":["GET"]}}],"collection":[{"href":"https:\/\/www.popdepresija.com\/index.php?rest_route=\/wp\/v2\/posts"}],"about":[{"href":"https:\/\/www.popdepresija.com\/index.php?rest_route=\/wp\/v2\/types\/post"}],"author":[{"embeddable":true,"href":"https:\/\/www.popdepresija.com\/index.php?rest_route=\/wp\/v2\/users\/1"}],"replies":[{"embeddable":true,"href":"https:\/\/www.popdepresija.com\/index.php?rest_route=%2Fwp%2Fv2%2Fcomments&post=13206"}],"version-history":[{"count":3,"href":"https:\/\/www.popdepresija.com\/index.php?rest_route=\/wp\/v2\/posts\/13206\/revisions"}],"predecessor-version":[{"id":13211,"href":"https:\/\/www.popdepresija.com\/index.php?rest_route=\/wp\/v2\/posts\/13206\/revisions\/13211"}],"wp:featuredmedia":[{"embeddable":true,"href":"https:\/\/www.popdepresija.com\/index.php?rest_route=\/wp\/v2\/media\/13208"}],"wp:attachment":[{"href":"https:\/\/www.popdepresija.com\/index.php?rest_route=%2Fwp%2Fv2%2Fmedia&parent=13206"}],"wp:term":[{"taxonomy":"category","embeddable":true,"href":"https:\/\/www.popdepresija.com\/index.php?rest_route=%2Fwp%2Fv2%2Fcategories&post=13206"},{"taxonomy":"post_tag","embeddable":true,"href":"https:\/\/www.popdepresija.com\/index.php?rest_route=%2Fwp%2Fv2%2Ftags&post=13206"}],"curies":[{"name":"wp","href":"https:\/\/api.w.org\/{rel}","templated":true}]}}