{"id":14284,"date":"2024-11-21T09:35:07","date_gmt":"2024-11-21T08:35:07","guid":{"rendered":"https:\/\/www.popdepresija.com\/?p=14284"},"modified":"2025-04-14T22:31:13","modified_gmt":"2025-04-14T20:31:13","slug":"efterklang-se-vraca-u-beograd-posle-12-godina","status":"publish","type":"post","link":"https:\/\/www.popdepresija.com\/?p=14284","title":{"rendered":"Efterklang se vra\u0107a u Beograd posle 12 godina"},"content":{"rendered":"<p><img loading=\"lazy\" decoding=\"async\" class=\"aligncenter wp-image-14285 size-full\" src=\"https:\/\/www.popdepresija.com\/wp-content\/uploads\/2024\/11\/efterklang-baner-2025-FB.jpg\" alt=\"\" width=\"1920\" height=\"1005\" srcset=\"https:\/\/www.popdepresija.com\/wp-content\/uploads\/2024\/11\/efterklang-baner-2025-FB.jpg 1920w, https:\/\/www.popdepresija.com\/wp-content\/uploads\/2024\/11\/efterklang-baner-2025-FB-300x157.jpg 300w, https:\/\/www.popdepresija.com\/wp-content\/uploads\/2024\/11\/efterklang-baner-2025-FB-1024x536.jpg 1024w, https:\/\/www.popdepresija.com\/wp-content\/uploads\/2024\/11\/efterklang-baner-2025-FB-768x402.jpg 768w, https:\/\/www.popdepresija.com\/wp-content\/uploads\/2024\/11\/efterklang-baner-2025-FB-1536x804.jpg 1536w\" sizes=\"auto, (max-width: 1920px) 100vw, 1920px\" \/><br \/>\nIako je prvi doga\u0111aj na kojem smo zajedno u\u010destvovali bio 13. marta 2013. godine &#8211; Hr\u010dak nas je okupio oko koncerta Velikog prezira u Amerikani (kuriozitet je da je to do dan danas jedno od najgorih iskustava za mene u \u017eivotu, mada sam koncert bio je ba\u0161 dobar), praaaviii po\u010detak saradnje Ki\u0161obrana i Pop Depresije bio je 9. novembra iste godine u Gun Clubu, na koncertu danskih alhemi\u010dara Efterklang, sa grupom Ti kao doma\u0107om podr\u0161kom i indie-go i Ki\u0161obran ekipom koji su bili zadu\u017eeni za provod pre i posle. Ideja za koncert bila je Polova, ja sam onda zvao Ki\u0161obran, Iliju i Traj\u010deta i i-go i ostalo je istorija \ud83d\ude42 Za sve nas ovo je bio jedan od najdivnijih koncerata koje smo organizovali tokom svih ovih godina, a trenutak kada Kasper silazi u publiku na kraju koncerta i bez mikrofona peva u prepunom klubu mi i danas \u0161iri toplinu po celom telu&#8230;<\/p>\n<p><img loading=\"lazy\" decoding=\"async\" class=\"aligncenter wp-image-14286 size-full\" src=\"https:\/\/www.popdepresija.com\/wp-content\/uploads\/2024\/11\/efterklang-FB.jpg\" alt=\"\" width=\"700\" height=\"259\" srcset=\"https:\/\/www.popdepresija.com\/wp-content\/uploads\/2024\/11\/efterklang-FB.jpg 700w, https:\/\/www.popdepresija.com\/wp-content\/uploads\/2024\/11\/efterklang-FB-300x111.jpg 300w\" sizes=\"auto, (max-width: 700px) 100vw, 700px\" \/><\/p>\n<p>Sada sledi jedan radikalni monta\u017eni rez i dvanaest godina kasnije Efterklang dolaze u Beograd u subotu 26. aprila 2025. u Dom omladine, da promovi\u0161u aktuelni album &#8220;Things We Have In Common&#8221;, da malo pre toga puste novi \u010dudesni film &#8220;Efterklang: The Makedonium Band&#8221; (i pro\u0161li put smo imali projekciju filma!) i da nas o\u010daraju. Ja vas pozivam da do\u0111ete da vidite i \u010dujete apsolutno neverovatan bend i da svi zajedno proslavimo 12 godina braka Ki\u0161-Pd. Jako sam uzbu\u0111en i ba\u0161 jedva \u010dekam! U tih 10+ godina ove asimetri\u010dne veze organizovali smo brojne koncerte i festivale, postali jedan od najbitnijih nezavisnih izdava\u010da u regionu, otvorili Zaokret (sa Pe\u0111om), pokrenuli Hali Gali, \u0161tampali majice, cegere, fanzine, pri\u010dali (uglavnom) gluposti svuda gde su nas zvali i najva\u017enije &#8211; ostali prijatelji. To je svakako na\u0161 najve\u0107i uspeh \ud83d\ude42<\/p>\n<p><iframe loading=\"lazy\" title=\"Efterklang \u2013 Getting Reminders (Official Video) ft. Zach Condon of Beirut\" width=\"640\" height=\"360\" src=\"https:\/\/www.youtube.com\/embed\/tu8MEUI6cDU?feature=oembed\" frameborder=\"0\" allow=\"accelerometer; autoplay; clipboard-write; encrypted-media; gyroscope; picture-in-picture; web-share\" referrerpolicy=\"strict-origin-when-cross-origin\" allowfullscreen><\/iframe><\/p>\n<p><a href=\"https:\/\/www.popdepresija.com\/?p=2470\" target=\"_blank\" rel=\"noopener\">Pogledajte kako je to bilo te 2013. godine<\/a>.<\/p>\n<hr \/>\n<p style=\"font-weight: 400;\"><strong>EFTERKLANG u\u017eivo u Domu omladine Beograda \/26. april<\/strong><\/p>\n<p style=\"font-weight: 400;\">Posle 12 godina u Beograd se vra\u0107a kultna danska grupa <a href=\"https:\/\/efterklang.net\/\" target=\"_blank\" rel=\"noopener\"><strong>Efterklang<\/strong><\/a>! Koncert je zakazan za subotu 26. april, a mesto de\u0161avanja je Dom omladine Beograda.<\/p>\n<p><strong>Ulaznice su u prodaji <a href=\"https:\/\/tickets.efinity.rs\/event_info\/efterklang_31407\">preko efinity mre\u017ee i online<\/a>, a cene su: promo karte po 2000rsd do 31. decembra, 2500rsd je regularna cena ulaznica, a na dan koncerta bi\u0107e 3000 dinara.<\/strong><\/p>\n<p><iframe loading=\"lazy\" title=\"Efterklang \u2013 Plant (Official Video) ft. Mabe Fratti\" width=\"640\" height=\"360\" src=\"https:\/\/www.youtube.com\/embed\/yqWBuf8iIVw?feature=oembed\" frameborder=\"0\" allow=\"accelerometer; autoplay; clipboard-write; encrypted-media; gyroscope; picture-in-picture; web-share\" referrerpolicy=\"strict-origin-when-cross-origin\" allowfullscreen><\/iframe><\/p>\n<p>Iza imena <a href=\"https:\/\/www.facebook.com\/efterklang\" target=\"_blank\" rel=\"noopener\"><strong>Efterklang<\/strong><\/a> kriju se trojica prijatelja: Kasper Klauzen, Mads Brauer i Rasmus Stolberg, koji su 2000. godine osnovali bend. Objavili su sedam studijskih albuma, poslednji, ovogodi\u0161nji, pod imenom \u201c<strong>Things We Have In Common<\/strong>\u201d iza\u0161ao je pod okriljem ugledne izdava\u010dke ku\u0107e City Slang. <a href=\"https:\/\/www.instagram.com\/efterklang\" target=\"_blank\" rel=\"noopener\">Efterklang<\/a> se konstantno menja i tra\u017ei nove izazove, a \u010desto ih porede sa bendovima i solistima kao \u0161to su Bj\u00f6rk, Sigur R\u00f3s, Arcade Fire, Bon Iver&#8230; Pored muzike objavili su i dva filma &#8211; &#8220;The Ghost of Piramida&#8221; (2012) i &#8220;Efterklang: The Makedonium Band&#8221; (2024), kao i vi\u0161e multimedijalnih radova. Pevaju na engleskom i danskom jeziku, a njihova muzika kre\u0107e se u rasponu od grandiozne i orkestrirane melodrame, do melodi\u010dnog, ne\u017enog i rasko\u0161nog pop roka, sa brojnim raznorodnim uticajima i aromama. Prvi put nastupili su u Beogradu u novembru 2013. godine u Gun Clubu.<\/p>\n<p><iframe loading=\"lazy\" title=\"Efterklang \u2013 To a New Day (Official Video)\" width=\"640\" height=\"360\" src=\"https:\/\/www.youtube.com\/embed\/IfgnLxY6mz4?feature=oembed\" frameborder=\"0\" allow=\"accelerometer; autoplay; clipboard-write; encrypted-media; gyroscope; picture-in-picture; web-share\" referrerpolicy=\"strict-origin-when-cross-origin\" allowfullscreen><\/iframe><\/p>\n","protected":false},"excerpt":{"rendered":"<p>Iako je prvi doga\u0111aj na kojem smo zajedno u\u010destvovali bio 13. marta 2013. godine &#8211;<\/p>\n","protected":false},"author":1,"featured_media":14285,"comment_status":"open","ping_status":"open","sticky":false,"template":"","format":"standard","meta":{"footnotes":""},"categories":[18],"tags":[],"class_list":["post-14284","post","type-post","status-publish","format-standard","has-post-thumbnail","hentry","category-koncerti"],"_links":{"self":[{"href":"https:\/\/www.popdepresija.com\/index.php?rest_route=\/wp\/v2\/posts\/14284","targetHints":{"allow":["GET"]}}],"collection":[{"href":"https:\/\/www.popdepresija.com\/index.php?rest_route=\/wp\/v2\/posts"}],"about":[{"href":"https:\/\/www.popdepresija.com\/index.php?rest_route=\/wp\/v2\/types\/post"}],"author":[{"embeddable":true,"href":"https:\/\/www.popdepresija.com\/index.php?rest_route=\/wp\/v2\/users\/1"}],"replies":[{"embeddable":true,"href":"https:\/\/www.popdepresija.com\/index.php?rest_route=%2Fwp%2Fv2%2Fcomments&post=14284"}],"version-history":[{"count":3,"href":"https:\/\/www.popdepresija.com\/index.php?rest_route=\/wp\/v2\/posts\/14284\/revisions"}],"predecessor-version":[{"id":14439,"href":"https:\/\/www.popdepresija.com\/index.php?rest_route=\/wp\/v2\/posts\/14284\/revisions\/14439"}],"wp:featuredmedia":[{"embeddable":true,"href":"https:\/\/www.popdepresija.com\/index.php?rest_route=\/wp\/v2\/media\/14285"}],"wp:attachment":[{"href":"https:\/\/www.popdepresija.com\/index.php?rest_route=%2Fwp%2Fv2%2Fmedia&parent=14284"}],"wp:term":[{"taxonomy":"category","embeddable":true,"href":"https:\/\/www.popdepresija.com\/index.php?rest_route=%2Fwp%2Fv2%2Fcategories&post=14284"},{"taxonomy":"post_tag","embeddable":true,"href":"https:\/\/www.popdepresija.com\/index.php?rest_route=%2Fwp%2Fv2%2Ftags&post=14284"}],"curies":[{"name":"wp","href":"https:\/\/api.w.org\/{rel}","templated":true}]}}