{"id":5503,"date":"2016-04-11T09:00:16","date_gmt":"2016-04-11T07:00:16","guid":{"rendered":"http:\/\/www.popdepresija.com\/?p=5503"},"modified":"2016-04-11T17:01:58","modified_gmt":"2016-04-11T15:01:58","slug":"bernays-propaganda-i-triko-u-zaokretu-15-aprila","status":"publish","type":"post","link":"https:\/\/www.popdepresija.com\/?p=5503","title":{"rendered":"Bernays Propaganda i Triko u Elektropioniru 15. aprila"},"content":{"rendered":"<p><img loading=\"lazy\" decoding=\"async\" class=\"aligncenter wp-image-5571\" src=\"http:\/\/media.popdepresija.com\/2016\/03\/Bernays-FB2.jpg\" alt=\"\" width=\"650\" height=\"381\" srcset=\"https:\/\/www.popdepresija.com\/wp-content\/uploads\/2016\/03\/Bernays-FB2.jpg 2048w, https:\/\/www.popdepresija.com\/wp-content\/uploads\/2016\/03\/Bernays-FB2-300x176.jpg 300w, https:\/\/www.popdepresija.com\/wp-content\/uploads\/2016\/03\/Bernays-FB2-1024x600.jpg 1024w, https:\/\/www.popdepresija.com\/wp-content\/uploads\/2016\/03\/Bernays-FB2-660x387.jpg 660w\" sizes=\"auto, (max-width: 650px) 100vw, 650px\" \/><br \/>\nMakedonska grupa\u00a0<a href=\"https:\/\/www.facebook.com\/bernayspropaganda\/\" data-hovercard=\"\/ajax\/hovercard\/page.php?id=162497080300&amp;extragetparams=%7B%22directed_target_id%22%3A457792131088149%7D\">Bernays Propaganda<\/a>\u00a0odr\u017ea\u0107e koncert u beogradskom klubu\u00a0<a href=\"https:\/\/www.facebook.com\/elektropionirklub\/\" data-hovercard=\"\/ajax\/hovercard\/page.php?id=352927964882200&amp;extragetparams=%7B%22directed_target_id%22%3A457792131088149%7D\">Elektropionir<\/a>\u00a0na po\u010detku njihove velike evropske turneje na kojoj promovi\u0161u \u010detvrti studijski album &#8220;Politika&#8221;. Specijalni gost na koncertu je grupa\u00a0<a href=\"https:\/\/www.facebook.com\/TRIKOmusic\/\" data-hovercard=\"\/ajax\/hovercard\/page.php?id=1448666448689249&amp;extragetparams=%7B%22directed_target_id%22%3A457792131088149%7D\">Triko<\/a>.<\/p>\n<p><strong>Ulaznice za koncert koji je zakazan za petak 15. april od 21h mogu da se kupe u pretprodaji u kafeu\u00a0\u0160ikarica\u00a0i\u00a0Zaokretu po ceni od 400 dinara.<\/strong><\/p>\n<p>\u2708\u2708 I ovaj koncert organizujemo u okviru obele\u017eavanja 15 godina Pop Depresije, uz podr\u0161ku Odli\u010dnog hr\u010dka i Ki\u0161obrana \u2708\u2708<\/p>\n<p>Bernays Propaganda je pravo blago regionalne scene. Njihova me\u0161avina new wave-post punk-indie plesnog zvuka u rasponu od Gang of Four i Fugazi, preko Minutemen do Gossip i LCD Soundsystem je podjednako glasna, mo\u0107na, seksi i<span class=\"text_exposed_show\">\u00a0anga\u017eovana, a u svetu spin doktora neko mora da vam ka\u017ee istinu &#8211; a to je najlak\u0161e uz buku i ples, zar ne?<\/span><\/p>\n<p><a href=\"https:\/\/www.facebook.com\/TRIKOmusic\/\" data-hovercard=\"\/ajax\/hovercard\/page.php?id=1448666448689249&amp;extragetparams=%7B%22directed_target_id%22%3A457792131088149%7D\">TRIKO<\/a>\u00a0je \u010detvoro\u010dlani sastav iz Beograda nastao 2013. godine, a \u010dine ga Boris Milanovi\u0107, Dragan Mihajlovi\u0107, Marija \u0110or\u0111evi\u0107 i Milan Bukejlovi\u0107. U njihovoj muzici prepoznaju se brojni uticaji iz bogate arhive nezavisnog rokenrola: indie pop, post-rock, post-punk&#8230; Krajem 2014. godine objavili su EP na 10&#8243; vinilu, a za par meseci \u0107e biti zavr\u0161en i prvi studijski album &#8220;Atina Bojad\u017ei&#8221; (<a href=\"https:\/\/www.facebook.com\/l.php?u=https%3A%2F%2Ftrikoo.bandcamp.com%2F&amp;h=QAQEKcGAp&amp;enc=AZPa3l5uSkP7cbC9o6m3Uz6RZJ6YpaxUf-TN6Ix6G2YrFGiKBPrT_UHBT_jAE6GY4tE&amp;s=1\" target=\"_blank\" rel=\"nofollow nofollow\">https:\/\/<wbr><\/wbr>trikoo.bandcamp.com\/<\/a>).<\/p>\n<p><iframe loading=\"lazy\" title=\"EA E EA by TRIKO\" width=\"640\" height=\"400\" scrolling=\"no\" frameborder=\"no\" src=\"https:\/\/w.soundcloud.com\/player\/?visual=true&#038;url=https%3A%2F%2Fapi.soundcloud.com%2Ftracks%2F290404903&#038;show_artwork=true&#038;maxheight=960&#038;maxwidth=640\"><\/iframe><\/p>\n<p>\u2605\u2605\u2605\u2605\u2605\u2605\u2605\u2605\u2605\u2605\u2605<\/p>\n<p>Spot za pesmu &#8220;La\u017ei me, la\u017ei me&#8221; najavio je album &#8220;Politika&#8221; koji se zvani\u010dno pojavio 14. marta za slovena\u010dku nezavisnu ku\u0107u\u00a0\u00a0<a href=\"https:\/\/www.facebook.com\/moonleerecords\/\" data-hovercard=\"\/ajax\/hovercard\/page.php?id=29264763472&amp;extragetparams=%7B%22directed_target_id%22%3A457792131088149%7D\">Moonlee Records<\/a>\u00a0i koji je dostupan za besplatno slu\u0161anje i preuzimanje (<a href=\"https:\/\/www.facebook.com\/l.php?u=https%3A%2F%2Fbernayspropaganda.bandcamp.com%2Falbum%2Fpolitika&amp;h=WAQFPYfLp&amp;enc=AZOsfE2mIxQmktfhiZTEgFHhCMDKzevMXUNowPWhTl8Yty-cSAVGLlX3EyrZfdeXovE&amp;s=1\" target=\"_blank\" rel=\"nofollow nofollow\">https:\/\/<wbr><\/wbr>bernayspropaganda.bandcamp.<wbr><\/wbr>com\/album\/politika<\/a>). Bernays imaju tu \u010dast da turneju po\u010dnu i sa jo\u0161 jednim, specijalnim izdanjem &#8211; 7&#8221; split singlu sa legendarnim basistom Mikeom Wattom (i njegovim bendom The Secondmen) u izdanju Asian Man Records. Album &#8220;Politika&#8221; \u0107e biti promovisan na velikoj evropskoj turneji, tokom koje \u0107e posetiti \u0160vajcarsku, Italiju, Francusku, Nema\u010dku, \u0160paniju, Holandiju, \u010ce\u0161ku, Belgiju, Austriju i Balkan.<\/p>\n<p>https:\/\/www.youtube.com\/watch?v=VUF7qHvPtkc<\/p>\n<p>Bernays Propaganda je osnovan 2007. godine i do sad je objavio \u010detiri studijska albuma &#8211; &#8220;Happiness Machines&#8221; (2009), &#8220;My Personal Holiday&#8221; (2010), &#8220;Zabraneta planeta&#8221; (2013) i &#8220;Politika&#8221; (2016).<\/p>\n","protected":false},"excerpt":{"rendered":"<p>Makedonska grupa\u00a0Bernays Propaganda\u00a0odr\u017ea\u0107e koncert u beogradskom klubu\u00a0Elektropionir\u00a0na po\u010detku njihove velike evropske turneje na kojoj promovi\u0161u<\/p>\n","protected":false},"author":1,"featured_media":5571,"comment_status":"open","ping_status":"open","sticky":false,"template":"","format":"standard","meta":{"footnotes":""},"categories":[18],"tags":[],"class_list":["post-5503","post","type-post","status-publish","format-standard","has-post-thumbnail","hentry","category-koncerti"],"_links":{"self":[{"href":"https:\/\/www.popdepresija.com\/index.php?rest_route=\/wp\/v2\/posts\/5503","targetHints":{"allow":["GET"]}}],"collection":[{"href":"https:\/\/www.popdepresija.com\/index.php?rest_route=\/wp\/v2\/posts"}],"about":[{"href":"https:\/\/www.popdepresija.com\/index.php?rest_route=\/wp\/v2\/types\/post"}],"author":[{"embeddable":true,"href":"https:\/\/www.popdepresija.com\/index.php?rest_route=\/wp\/v2\/users\/1"}],"replies":[{"embeddable":true,"href":"https:\/\/www.popdepresija.com\/index.php?rest_route=%2Fwp%2Fv2%2Fcomments&post=5503"}],"version-history":[{"count":5,"href":"https:\/\/www.popdepresija.com\/index.php?rest_route=\/wp\/v2\/posts\/5503\/revisions"}],"predecessor-version":[{"id":5573,"href":"https:\/\/www.popdepresija.com\/index.php?rest_route=\/wp\/v2\/posts\/5503\/revisions\/5573"}],"wp:featuredmedia":[{"embeddable":true,"href":"https:\/\/www.popdepresija.com\/index.php?rest_route=\/wp\/v2\/media\/5571"}],"wp:attachment":[{"href":"https:\/\/www.popdepresija.com\/index.php?rest_route=%2Fwp%2Fv2%2Fmedia&parent=5503"}],"wp:term":[{"taxonomy":"category","embeddable":true,"href":"https:\/\/www.popdepresija.com\/index.php?rest_route=%2Fwp%2Fv2%2Fcategories&post=5503"},{"taxonomy":"post_tag","embeddable":true,"href":"https:\/\/www.popdepresija.com\/index.php?rest_route=%2Fwp%2Fv2%2Ftags&post=5503"}],"curies":[{"name":"wp","href":"https:\/\/api.w.org\/{rel}","templated":true}]}}