{"id":7381,"date":"2018-09-10T11:24:54","date_gmt":"2018-09-10T09:24:54","guid":{"rendered":"http:\/\/www.popdepresija.com\/?p=7381"},"modified":"2018-09-10T11:24:54","modified_gmt":"2018-09-10T09:24:54","slug":"koncert-kralja-cacka-u-beogradu-petak-30-novembar-21h","status":"publish","type":"post","link":"https:\/\/www.popdepresija.com\/?p=7381","title":{"rendered":"Koncert Kralja \u010ca\u010dka u Beogradu \/Petak 30. novembar 21h\/"},"content":{"rendered":"<figure id=\"attachment_7382\" aria-describedby=\"caption-attachment-7382\" style=\"width: 650px\" class=\"wp-caption aligncenter\"><img loading=\"lazy\" decoding=\"async\" class=\"wp-image-7382\" src=\"http:\/\/media.popdepresija.com\/2018\/09\/PD-Kralj-\u010ca\u010dka-DOb-F1-1024x576.png\" alt=\"\" width=\"650\" height=\"366\" srcset=\"https:\/\/www.popdepresija.com\/wp-content\/uploads\/2018\/09\/PD-Kralj-\u010ca\u010dka-DOb-F1-1024x576.png 1024w, https:\/\/www.popdepresija.com\/wp-content\/uploads\/2018\/09\/PD-Kralj-\u010ca\u010dka-DOb-F1-300x169.png 300w, https:\/\/www.popdepresija.com\/wp-content\/uploads\/2018\/09\/PD-Kralj-\u010ca\u010dka-DOb-F1-768x432.png 768w, https:\/\/www.popdepresija.com\/wp-content\/uploads\/2018\/09\/PD-Kralj-\u010ca\u010dka-DOb-F1-660x371.png 660w, https:\/\/www.popdepresija.com\/wp-content\/uploads\/2018\/09\/PD-Kralj-\u010ca\u010dka-DOb-F1.png 1920w\" sizes=\"auto, (max-width: 650px) 100vw, 650px\" \/><figcaption id=\"caption-attachment-7382\" class=\"wp-caption-text\">Foto: Nemanja Kne\u017eevi\u0107<\/figcaption><\/figure>\n<p>PETAK 30.11. \u2022 ULAZ 20:00 \u2022 PO\u010cETAK 21:00 \u2022<br \/>\n<a href=\"https:\/\/www.facebook.com\/events\/672752736424917\/\" target=\"_blank\" rel=\"noopener\">Kralj \u010ca\u010dka @ Dom omladine Beograda\/Amerikana<\/a> \u2022 800rsd \/ 1000rsd \u2022<\/p>\n<p>Kralj \u010ca\u010dka vas poziva na koncert koji \u0107e se odr\u017eati u petak 30. novembra u sali &#8220;Amerikana&#8221; Doma omladine Beograda od 21h. Svira\u0107e nove pesme, ali i poneki stari hit i u\u010diniti da bar na dva sata ma\u0161tate u tehnikoloru.<\/p>\n<p>Ulaznice su u prodaji na blagajni DOB-a i svim prodajnim mestima Eventima, kao i online na <a href=\"http:\/\/www.eventim.rs\/\" target=\"_blank\" rel=\"nofollow noopener\" data-lynx-mode=\"hover\" data-lynx-uri=\"https:\/\/l.facebook.com\/l.php?u=http%3A%2F%2Fwww.eventim.rs%2F&amp;h=AT0Vgnxjek2T33nnXo5O2hNyi17cERbvGgxJLmEzD8r6ZJA9q1wEYMTOR_HudKMQTck8nD0CAaez0bfrL59s3xcGdTl_MhvO5VkXyGbMSPVgAeNsLu06TAHiUVTsPQhPqwgoLXA\">www.eventim.rs<\/a> po ceni od 800 dinara, na dan koncerta cena \u0107e biti 1000.<\/p>\n<p><strong>NAPOMENA: Ograni\u010deni broj promo karata \u0107e se prodavati samo u Zaokretu (Cetinjska 15) po ceni od 700rsd.<\/strong><\/p>\n<p>Za one koji vole reference, muzika Kralja \u010ca\u010dka predstavlja me\u0161avinu d\u017eeza, bluza, rokenrola i \u0161ansona, a \u017dikica Simi\u0107 je za Kralja \u010ca\u010dka rekao: \u201cOpasnom magistralom \u2013 preko raskrsnica i pored stranputica \u2013 sa gitarom preko ramena, kao junak starih dobrih filmova, Kralj je stigao na rok scenu. Sa sobom je doneo mudre, lepe i gorke pesme, u kojima se iskrenost i autenti\u010dnost o\u0161tro suprotstavljaju izopa\u010denostima ovog vremena.\u201d<\/p>\n<p>U poetskom svetu Kralja \u010ca\u010dka &#8220;<a href=\"https:\/\/popdepression.bandcamp.com\/album\/zemlja-snova\" target=\"_blank\" rel=\"noopener\">Zemlja snova<\/a>&#8221; ustupa svoje mesto slede\u0107oj fazi, koja \u0107e se zvati &#8220;Spusti svetlost na put&#8221;.<\/p>\n<p><iframe loading=\"lazy\" title=\"Kralj \u010ca\u010dka - Zemlja snova\" width=\"640\" height=\"360\" src=\"https:\/\/www.youtube.com\/embed\/qHGuRajuNOw?feature=oembed\" frameborder=\"0\" allow=\"accelerometer; autoplay; clipboard-write; encrypted-media; gyroscope; picture-in-picture; web-share\" referrerpolicy=\"strict-origin-when-cross-origin\" allowfullscreen><\/iframe><\/p>\n<p>Nenad Mari\u0107 ili Kralj \u010ca\u010dka je slikar, pesnik i kantautor ro\u0111en u \u010ca\u010dku, koji ve\u0107 nekoliko decenija \u017eivi i radi u Beogradu. Na FLU diplomirao je 2004. godine, a kao slikar naj\u010de\u0161\u0107e se izra\u017eava kroz akvarel. Kao pesnik objavio je zbirku &#8220;Na margini&#8221; (Lom), a kao muzi\u010dar prvi album (&#8220;<a href=\"http:\/\/www.deezer.com\/album\/14739832\" target=\"_blank\" rel=\"noopener\">Zemlja snova<\/a>&#8220;) je sa svojim bendom javnosti predstavio krajem 2016. godine, samo par nedelja posle pesni\u010dkog debija. Dobitnik je nagrade &#8220;Strune od svetla&#8221; za 2017, koja se dodeljuje za poseban doprinos afirmaciji pesni\u010dke re\u010di u rok i bluz muzici. Na poziv reditelja \u0110or\u0111a Markovi\u0107a, Kralj \u010ca\u010dka i Marko Mari\u0107 uradili su originalnu muziku za film &#8220;Poslednja avantura Kaktus Bate&#8221;, koji je premijerno prikazan u Sava Centru u maju 2018, na otvaranju festivala Beldocs.<\/p>\n<p><iframe loading=\"lazy\" title=\"Studio 6: Kralj \u010ca\u010dka\" width=\"640\" height=\"360\" src=\"https:\/\/www.youtube.com\/embed\/YebCpnnhriY?feature=oembed\" frameborder=\"0\" allow=\"accelerometer; autoplay; clipboard-write; encrypted-media; gyroscope; picture-in-picture; web-share\" referrerpolicy=\"strict-origin-when-cross-origin\" allowfullscreen><\/iframe><\/p>\n<p>Tokom poslednje dve godine <a href=\"http:\/\/www.kraljcacka.rs\" target=\"_blank\" rel=\"noopener\">Kralj \u010ca\u010dka<\/a> je svirao na najve\u0107im festivalima u zemlji i regionu: Exit, Arsenal fest, Ferragosto Jam, Mountain Music Fest, Arlemm, NS Koncert godine&#8230; ali i kao specijalni gost Darka Rundeka pred vi\u0161e od 10.000 gledalaca na Ta\u0161majdanu. Za mnoge posetioce njegovih koncerata, dileme nema: Kralj \u010ca\u010dka jeste nekrunisani vladar muzike koju je te\u0161ko svrstati u neku kategoriju. Njegova inspiracija le\u017ei u onom, za mnoge, savr\u0161enom skrovi\u0161tu: izme\u0111u najdubljih emocija i umetnosti sviranja, izme\u0111u no\u0107i u zadimljenom baru i jutra koje menja sve, izme\u0111u muzike putuju\u0107ih trubadura i tananih jazz melodija. Iz tog skrovi\u0161ta Kralj \u010ca\u010dka izlazi na glavnu ulicu i vodi nas sa sobom na put oko sveta.<\/p>\n<p><iframe loading=\"lazy\" title=\"Kralj \u010ca\u010dka - Pad u Ljigu \/ Tri boje zvuka\" width=\"640\" height=\"360\" src=\"https:\/\/www.youtube.com\/embed\/l4gydRlNbW8?feature=oembed\" frameborder=\"0\" allow=\"accelerometer; autoplay; clipboard-write; encrypted-media; gyroscope; picture-in-picture; web-share\" referrerpolicy=\"strict-origin-when-cross-origin\" allowfullscreen><\/iframe><\/p>\n","protected":false},"excerpt":{"rendered":"<p>PETAK 30.11. \u2022 ULAZ 20:00 \u2022 PO\u010cETAK 21:00 \u2022 Kralj \u010ca\u010dka @ Dom omladine Beograda\/Amerikana<\/p>\n","protected":false},"author":1,"featured_media":7382,"comment_status":"open","ping_status":"open","sticky":false,"template":"","format":"standard","meta":{"footnotes":""},"categories":[18],"tags":[],"class_list":["post-7381","post","type-post","status-publish","format-standard","has-post-thumbnail","hentry","category-koncerti"],"_links":{"self":[{"href":"https:\/\/www.popdepresija.com\/index.php?rest_route=\/wp\/v2\/posts\/7381","targetHints":{"allow":["GET"]}}],"collection":[{"href":"https:\/\/www.popdepresija.com\/index.php?rest_route=\/wp\/v2\/posts"}],"about":[{"href":"https:\/\/www.popdepresija.com\/index.php?rest_route=\/wp\/v2\/types\/post"}],"author":[{"embeddable":true,"href":"https:\/\/www.popdepresija.com\/index.php?rest_route=\/wp\/v2\/users\/1"}],"replies":[{"embeddable":true,"href":"https:\/\/www.popdepresija.com\/index.php?rest_route=%2Fwp%2Fv2%2Fcomments&post=7381"}],"version-history":[{"count":1,"href":"https:\/\/www.popdepresija.com\/index.php?rest_route=\/wp\/v2\/posts\/7381\/revisions"}],"predecessor-version":[{"id":7383,"href":"https:\/\/www.popdepresija.com\/index.php?rest_route=\/wp\/v2\/posts\/7381\/revisions\/7383"}],"wp:featuredmedia":[{"embeddable":true,"href":"https:\/\/www.popdepresija.com\/index.php?rest_route=\/wp\/v2\/media\/7382"}],"wp:attachment":[{"href":"https:\/\/www.popdepresija.com\/index.php?rest_route=%2Fwp%2Fv2%2Fmedia&parent=7381"}],"wp:term":[{"taxonomy":"category","embeddable":true,"href":"https:\/\/www.popdepresija.com\/index.php?rest_route=%2Fwp%2Fv2%2Fcategories&post=7381"},{"taxonomy":"post_tag","embeddable":true,"href":"https:\/\/www.popdepresija.com\/index.php?rest_route=%2Fwp%2Fv2%2Ftags&post=7381"}],"curies":[{"name":"wp","href":"https:\/\/api.w.org\/{rel}","templated":true}]}}