{"id":7889,"date":"2019-03-29T08:49:23","date_gmt":"2019-03-29T07:49:23","guid":{"rendered":"http:\/\/www.popdepresija.com\/?p=7889"},"modified":"2019-07-01T16:31:01","modified_gmt":"2019-07-01T14:31:01","slug":"konkurs-klavirsko-nebo-2","status":"publish","type":"post","link":"https:\/\/www.popdepresija.com\/?p=7889","title":{"rendered":"Konkurs KLAVIRSKO NEBO #2"},"content":{"rendered":"<div class=\"\" data-block=\"true\" data-editor=\"72ffm\" data-offset-key=\"690u0-0-0\">\n<div class=\"_1mf _1mj\" data-offset-key=\"690u0-0-0\">\n<figure id=\"attachment_7890\" aria-describedby=\"caption-attachment-7890\" style=\"width: 640px\" class=\"wp-caption aligncenter\"><img loading=\"lazy\" decoding=\"async\" class=\"wp-image-7890\" src=\"http:\/\/media.popdepresija.com\/2019\/03\/Nebo-Cover2-1024x576.jpg\" alt=\"\" width=\"640\" height=\"360\" srcset=\"https:\/\/www.popdepresija.com\/wp-content\/uploads\/2019\/03\/Nebo-Cover2-1024x576.jpg 1024w, https:\/\/www.popdepresija.com\/wp-content\/uploads\/2019\/03\/Nebo-Cover2-300x169.jpg 300w, https:\/\/www.popdepresija.com\/wp-content\/uploads\/2019\/03\/Nebo-Cover2-768x432.jpg 768w, https:\/\/www.popdepresija.com\/wp-content\/uploads\/2019\/03\/Nebo-Cover2-660x371.jpg 660w, https:\/\/www.popdepresija.com\/wp-content\/uploads\/2019\/03\/Nebo-Cover2.jpg 1920w\" sizes=\"auto, (max-width: 640px) 100vw, 640px\" \/><figcaption id=\"caption-attachment-7890\" class=\"wp-caption-text\">Artwork: Bratislav Milenkovi\u0107<\/figcaption><\/figure>\n<p><span data-offset-key=\"690u0-0-0\">Pozivamo vas da u\u010destvujete na konkursu\u00a0<\/span><strong>KLAVIRSKO NEBO #2<br \/>\n<\/strong><em>&#8220;Nova klavirska muzika kompozitora iz Srbije&#8221;<\/em><\/p>\n<\/div>\n<\/div>\n<div class=\"\" data-block=\"true\" data-editor=\"72ffm\" data-offset-key=\"94sqm-0-0\">\n<div class=\"_1mf _1mj\" data-offset-key=\"94sqm-0-0\"><span data-offset-key=\"94sqm-0-0\">\u00a0<\/span>Na Me\u0111unarodni dan klavira 29. marta raspisujemo <a href=\"https:\/\/www.facebook.com\/events\/261229011429728\/\" target=\"_blank\" rel=\"noopener noreferrer\">konkurs KLAVIRSKO NEBO #2<\/a>. \u017delimo da nastavimo tamo gde smo stali pro\u0161li put i pozivamo kompozitore za klavir da predstave svoju novu muziku i ose\u0107anja. Pro\u0161li konkurs zavr\u0161io se objavljivanjem kompilacije sa 17 izabranih kompozicija i koncertom u Czk Vlada Divljan i ne\u0161to sli\u010dno planiramo za finale i KN#2. Rok za prijem va\u0161ih radova je 31. jul 2019.<\/div>\n<\/div>\n<div class=\"\" data-block=\"true\" data-editor=\"72ffm\" data-offset-key=\"cmf16-0-0\">\n<div class=\"_1mf _1mj\" data-offset-key=\"cmf16-0-0\"><span data-offset-key=\"cmf16-0-0\">\u00a0<\/span><\/div>\n<\/div>\n<div class=\"\" data-block=\"true\" data-editor=\"72ffm\" data-offset-key=\"11orf-0-0\">\n<div class=\"_1mf _1mj\" data-offset-key=\"11orf-0-0\">\n<p><em><strong>Pogledajte propozicije konkursa koje su minimalno promenjene u odnosu na prvi put.<\/strong><\/em><\/p>\n<p>&nbsp;<\/p>\n<\/div>\n<\/div>\n<div class=\"\" data-block=\"true\" data-editor=\"72ffm\" data-offset-key=\"6n4vh-0-0\">\n<p><iframe style=\"border: 0; width: 100%; height: 120px;\" src=\"https:\/\/bandcamp.com\/EmbeddedPlayer\/album=1305071924\/size=large\/bgcol=ffffff\/linkcol=0687f5\/tracklist=false\/artwork=small\/transparent=true\/\" seamless=\"\"><a href=\"http:\/\/popdepression.bandcamp.com\/album\/various-artists-piano-sky-klavirsko-nebo\">Various Artists: Piano Sky \/\/ Klavirsko nebo by POP Depression<\/a><\/iframe><\/p>\n<\/div>\n<div class=\"\" data-block=\"true\" data-editor=\"72ffm\" data-offset-key=\"3m8q5-0-0\">\n<ul>\n<li class=\"_1mf _1mj\" data-offset-key=\"3m8q5-0-0\"><strong>Ko mo\u017ee da u\u010destvuje?<\/strong><\/li>\n<\/ul>\n<\/div>\n<div class=\"\" data-block=\"true\" data-editor=\"72ffm\" data-offset-key=\"5ibeb-0-0\">\n<div class=\"_1mf _1mj\" data-offset-key=\"5ibeb-0-0\"><span data-offset-key=\"5ibeb-0-0\">Svi koji su ro\u0111eni ili \u017eive i rade u Srbiji, sa ili bez formalnog muzi\u010dkog obrazovanja.<\/span><\/div>\n<\/div>\n<div class=\"\" data-block=\"true\" data-editor=\"72ffm\" data-offset-key=\"dgjd0-0-0\">\n<ul>\n<li class=\"_1mf _1mj\" data-offset-key=\"dgjd0-0-0\"><strong>\u0160ta se o\u010dekuje od vas?<\/strong><\/li>\n<\/ul>\n<\/div>\n<div class=\"\" data-block=\"true\" data-editor=\"72ffm\" data-offset-key=\"a0mrq-0-0\">\n<div class=\"_1mf _1mj\" data-offset-key=\"a0mrq-0-0\"><span data-offset-key=\"a0mrq-0-0\">\u00a0<\/span>Da snimite i po\u0161aljete svoju klavirsku kompoziciji. U obzir dolaze samo kompozicije <strong>koje nisu zvani\u010dno objavljene &#8211; bez obzira da li je to na nosa\u010du zvuka ili digitalno<\/strong> &#8211; i koje su nastale u poslednjih par godina, a da ste ih vi napisali ili bili koautor. Klavir mora da bude u centru pa\u017enje, ali dozvoljena su i druga aran\u017eerska re\u0161enja: s drugim instrumentima, \u0161umovima, ambijentom\u2026 Prednost \u0107e imati odsvirane kompozicije, midi je tako\u0111e prihvatljiv ali je u drugom planu. <strong>Du\u017eina kompozicija je ograni\u010dena na \u0161est minuta uz mogu\u0107e korekcije u slu\u010daju potrebe. \u0160aljete WAV ili AIFF, a uz kompoziciju prilo\u017eite i kratku biografiju. Adresa na koju \u0161aljete je popdepresija@gmail.com, a fajlove podignite na neki od servera (wetransfer.com, npr).<\/strong><\/div>\n<\/div>\n<div class=\"\" data-block=\"true\" data-editor=\"72ffm\" data-offset-key=\"1i27c-0-0\">\n<ul>\n<li class=\"_1mf _1mj\" data-offset-key=\"1i27c-0-0\"><strong>Kakav je plan?<\/strong><\/li>\n<\/ul>\n<\/div>\n<div class=\"\" data-block=\"true\" data-editor=\"72ffm\" data-offset-key=\"ah9bo-0-0\">\n<div class=\"_1mf _1mj\" data-offset-key=\"ah9bo-0-0\"><span data-offset-key=\"ah9bo-0-0\">\u00a0<\/span>Do 31. jula 2019. godine primamo va\u0161e radove. Posle tog roka napravi\u0107emo izbor kompozicija i njih objaviti na nekom od nosa\u010da zvuka (CD, vinil) i organizovati promociju.<\/div>\n<\/div>\n<div class=\"\" data-block=\"true\" data-editor=\"72ffm\" data-offset-key=\"cgmem-0-0\">\n<ul>\n<li class=\"_1mf _1mj\" data-offset-key=\"cgmem-0-0\"><strong>Koji su rokovi?<\/strong><\/li>\n<\/ul>\n<\/div>\n<div class=\"\" data-block=\"true\" data-editor=\"72ffm\" data-offset-key=\"2nika-0-0\">\n<div class=\"_1mf _1mj\" data-offset-key=\"2nika-0-0\"><span data-offset-key=\"2nika-0-0\">\u00a0<\/span>Kraj juna &#8211; 31.07.2019. godine ozna\u010dava kraj na\u0161eg konkursa i prijema radova.<\/div>\n<\/div>\n<div class=\"\" data-block=\"true\" data-editor=\"72ffm\" data-offset-key=\"c6o37-0-0\">\n<ul>\n<li class=\"_1mf _1mj\" data-offset-key=\"c6o37-0-0\"><strong>Ko vas poziva?<\/strong><\/li>\n<\/ul>\n<\/div>\n<div class=\"\" data-block=\"true\" data-editor=\"72ffm\" data-offset-key=\"153v3-0-0\">\n<div class=\"_1mf _1mj\" data-offset-key=\"153v3-0-0\"><span data-offset-key=\"153v3-0-0\">\u00a0<\/span>Pop Depresija u saradnji sa Ki\u0161obranom i uz podr\u0161ku LP Dua.<\/div>\n<\/div>\n","protected":false},"excerpt":{"rendered":"<p>Pozivamo vas da u\u010destvujete na konkursu\u00a0KLAVIRSKO NEBO #2 &#8220;Nova klavirska muzika kompozitora iz Srbije&#8221; \u00a0Na<\/p>\n","protected":false},"author":1,"featured_media":7890,"comment_status":"open","ping_status":"open","sticky":false,"template":"","format":"standard","meta":{"footnotes":""},"categories":[68,12],"tags":[],"class_list":["post-7889","post","type-post","status-publish","format-standard","has-post-thumbnail","hentry","category-klavirsko-nebo","category-vesti"],"_links":{"self":[{"href":"https:\/\/www.popdepresija.com\/index.php?rest_route=\/wp\/v2\/posts\/7889","targetHints":{"allow":["GET"]}}],"collection":[{"href":"https:\/\/www.popdepresija.com\/index.php?rest_route=\/wp\/v2\/posts"}],"about":[{"href":"https:\/\/www.popdepresija.com\/index.php?rest_route=\/wp\/v2\/types\/post"}],"author":[{"embeddable":true,"href":"https:\/\/www.popdepresija.com\/index.php?rest_route=\/wp\/v2\/users\/1"}],"replies":[{"embeddable":true,"href":"https:\/\/www.popdepresija.com\/index.php?rest_route=%2Fwp%2Fv2%2Fcomments&post=7889"}],"version-history":[{"count":6,"href":"https:\/\/www.popdepresija.com\/index.php?rest_route=\/wp\/v2\/posts\/7889\/revisions"}],"predecessor-version":[{"id":8111,"href":"https:\/\/www.popdepresija.com\/index.php?rest_route=\/wp\/v2\/posts\/7889\/revisions\/8111"}],"wp:featuredmedia":[{"embeddable":true,"href":"https:\/\/www.popdepresija.com\/index.php?rest_route=\/wp\/v2\/media\/7890"}],"wp:attachment":[{"href":"https:\/\/www.popdepresija.com\/index.php?rest_route=%2Fwp%2Fv2%2Fmedia&parent=7889"}],"wp:term":[{"taxonomy":"category","embeddable":true,"href":"https:\/\/www.popdepresija.com\/index.php?rest_route=%2Fwp%2Fv2%2Fcategories&post=7889"},{"taxonomy":"post_tag","embeddable":true,"href":"https:\/\/www.popdepresija.com\/index.php?rest_route=%2Fwp%2Fv2%2Ftags&post=7889"}],"curies":[{"name":"wp","href":"https:\/\/api.w.org\/{rel}","templated":true}]}}