{"id":9327,"date":"2020-08-03T10:06:59","date_gmt":"2020-08-03T08:06:59","guid":{"rendered":"https:\/\/www.popdepresija.com\/?p=9327"},"modified":"2020-08-03T10:06:59","modified_gmt":"2020-08-03T08:06:59","slug":"zavrsen-je-konkurs-klavirsko-nebo-3","status":"publish","type":"post","link":"https:\/\/www.popdepresija.com\/?p=9327","title":{"rendered":"Zavr\u0161en je konkurs &#8220;Klavirsko nebo #3&#8221;"},"content":{"rendered":"<p>Posle ne\u0161to vi\u0161e od dva meseca u petak 31. jula ta\u010dno u pono\u0107 zavr\u0161en je na\u0161 konkurs &#8220;<a href=\"https:\/\/www.popdepresija.com\/?p=9093\" target=\"_blank\" rel=\"noopener noreferrer\">Klavirsko nebo #3<\/a>&#8220;.<\/p>\n<p>Pre svega \u017eelimo da se zahvalimo svima na neverovatnom odzivu &#8211; ove godine 45 autora poslalo je 67 kompozicija (i dalje sre\u0111ujemo dokumentaciju pristiglih pesama poslednjeg dana, tako da je ovo trenutna brojka!), a ispunili smo i cilj za ovu godinu &#8211; da konkurs bude regionalan &#8211; po\u0161to nam je uz radove iz Srbije stiglo vi\u0161e kompozicija autora iz Crne Gore, Makedonije, Hrvatske i \u010dak nekoliko iz dijaspore.<\/p>\n<p>Hvala svima na trudu, entuzijazmu i talentu! Hvala svima koji su \u0161erovanjem, pozivanjem, lobiranjem i navijanjem omogu\u0107ili da dopremo da raznih delova regiona\/sveta do kojih ranije nismo stizali. Sada prelazimo u drugu fazu, Ivan \u0107e da napravi \u0161iri izbor kompozicija i da ih pripremi za slu\u0161anje za na\u0161 stru\u010dni \u017eiri.<\/p>\n<p>Imena \u010dlanova \u017eirija objavi\u0107emo za koju nedelju, a ideja je da se tokom avgusta zavr\u0161i izbor kompozicija i da se ve\u0107 tokom septembra predstavi finalni izbor i kompilacija &#8220;Klavirsko nebo #3&#8221; i potrudi\u0107emo se da tako i bude. Slu\u0161ajte muziku i \u010duvajte razum, \u010dujemo se uskoro &lt;3<\/p>\n<p><iframe loading=\"lazy\" title=\"Klavirsko nebo #1 U\u017dIVO\/\/Piano Sky #1 LIVE (2019)\" width=\"640\" height=\"360\" src=\"https:\/\/www.youtube.com\/embed\/C3_X6mDpLR8?feature=oembed\" frameborder=\"0\" allow=\"accelerometer; autoplay; clipboard-write; encrypted-media; gyroscope; picture-in-picture; web-share\" referrerpolicy=\"strict-origin-when-cross-origin\" allowfullscreen><\/iframe><\/p>\n<p>&nbsp;<\/p>\n","protected":false},"excerpt":{"rendered":"<p>Posle ne\u0161to vi\u0161e od dva meseca u petak 31. jula ta\u010dno u pono\u0107 zavr\u0161en je<\/p>\n","protected":false},"author":1,"featured_media":9328,"comment_status":"open","ping_status":"open","sticky":false,"template":"","format":"standard","meta":{"footnotes":""},"categories":[68],"tags":[],"class_list":["post-9327","post","type-post","status-publish","format-standard","has-post-thumbnail","hentry","category-klavirsko-nebo"],"_links":{"self":[{"href":"https:\/\/www.popdepresija.com\/index.php?rest_route=\/wp\/v2\/posts\/9327","targetHints":{"allow":["GET"]}}],"collection":[{"href":"https:\/\/www.popdepresija.com\/index.php?rest_route=\/wp\/v2\/posts"}],"about":[{"href":"https:\/\/www.popdepresija.com\/index.php?rest_route=\/wp\/v2\/types\/post"}],"author":[{"embeddable":true,"href":"https:\/\/www.popdepresija.com\/index.php?rest_route=\/wp\/v2\/users\/1"}],"replies":[{"embeddable":true,"href":"https:\/\/www.popdepresija.com\/index.php?rest_route=%2Fwp%2Fv2%2Fcomments&post=9327"}],"version-history":[{"count":1,"href":"https:\/\/www.popdepresija.com\/index.php?rest_route=\/wp\/v2\/posts\/9327\/revisions"}],"predecessor-version":[{"id":9329,"href":"https:\/\/www.popdepresija.com\/index.php?rest_route=\/wp\/v2\/posts\/9327\/revisions\/9329"}],"wp:featuredmedia":[{"embeddable":true,"href":"https:\/\/www.popdepresija.com\/index.php?rest_route=\/wp\/v2\/media\/9328"}],"wp:attachment":[{"href":"https:\/\/www.popdepresija.com\/index.php?rest_route=%2Fwp%2Fv2%2Fmedia&parent=9327"}],"wp:term":[{"taxonomy":"category","embeddable":true,"href":"https:\/\/www.popdepresija.com\/index.php?rest_route=%2Fwp%2Fv2%2Fcategories&post=9327"},{"taxonomy":"post_tag","embeddable":true,"href":"https:\/\/www.popdepresija.com\/index.php?rest_route=%2Fwp%2Fv2%2Ftags&post=9327"}],"curies":[{"name":"wp","href":"https:\/\/api.w.org\/{rel}","templated":true}]}}